{"id":626681,"date":"2024-07-19T00:04:58","date_gmt":"2024-07-19T06:04:58","guid":{"rendered":"https:\/\/www.diarioimagen.net\/?p=626681"},"modified":"2024-07-19T02:00:32","modified_gmt":"2024-07-19T08:00:32","slug":"marina-salgado-de-parra-recibe-galardon-por-su-labor-humanista","status":"publish","type":"post","link":"https:\/\/www.diarioimagen.net\/?p=626681","title":{"rendered":"Marina Salgado de Parra recibe galard\u00f3n por su labor humanista"},"content":{"rendered":"<p>&nbsp;<\/p>\n<ul>\n<li><em><strong>Destacan acciones en favor ciudadano<\/strong><\/em><\/li>\n<\/ul>\n<p><strong>\u00a0<\/strong><\/p>\n<h6>Arturo Baena<\/h6>\n<p>&nbsp;<\/p>\n<div id=\"attachment_626808\" style=\"width: 470px\" class=\"wp-caption aligncenter\"><a href=\"https:\/\/www.diarioimagen.net\/?attachment_id=626808\" rel=\"attachment wp-att-626808\"><img loading=\"lazy\" decoding=\"async\" aria-describedby=\"caption-attachment-626808\" class=\"size-full wp-image-626808\" src=\"https:\/\/www.diarioimagen.net\/wp-content\/uploads\/2024\/07\/marina-salgado.jpg\" alt=\"\" width=\"460\" height=\"270\" srcset=\"https:\/\/www.diarioimagen.net\/wp-content\/uploads\/2024\/07\/marina-salgado.jpg 460w, https:\/\/www.diarioimagen.net\/wp-content\/uploads\/2024\/07\/marina-salgado-240x141.jpg 240w\" sizes=\"auto, (max-width: 460px) 100vw, 460px\" \/><\/a><p id=\"caption-attachment-626808\" class=\"wp-caption-text\">La luchadora social Marina Salgado de Parra fue galardonada por parte de La Academia Internacional de L\u00edderes de Excelencia Filantr\u00f3pica y el Grupo Social RAAG por su trayectoria y acciones humanistas.<\/p><\/div>\n<p>&nbsp;<\/p>\n<p><strong>Valle de M\u00e9xico.\u2014<\/strong> La Academia Internacional de L\u00edderes de Excelencia Filantr\u00f3pica (ACILEF SC) y el Grupo Social RAAG galardonaron a la activista y luchadora social Marina Salgado de Parra por su trayectoria y acciones en favor ciudadano.<\/p>\n<p>En el acto celebrado en el Sal\u00f3n \u201cCastillo Pedraza\u201d, de la C\u00e1mara de Diputados, la galardonada agradeci\u00f3 el reconocimiento a los directivos y reiter\u00f3 su compromiso por seguir luchando por la justicia social.<\/p>\n<p>\u201cTodas y cada una de las mujeres somos una pieza fundamental en el desarrollo no solo familiar sino en lo general en nuestro pa\u00eds, es por ello que no debemos claudicar en las tareas que nos imponemos y en ese sentido, hago el exhorto a trabajar con toda la actitud en favor de nuestro pueblo\u201d, dijo.<\/p>\n<p>Ah\u00ed, de manos de la se\u00f1ora Mandujano y Ang\u00e9lica Valenzuela, la luchadora social recibi\u00f3 diversos reconocimientos por su humanismo y liderazgo social.<\/p>\n<p>Ante diversas personalidades, Marina Salgado, hizo un llamado a seguir trabajando y luchando por los m\u00e1s desprotegidos.<\/p>\n<p>\u201cDe ninguna manera, bajaremos la guardia para favorecer en todos los \u00e1mbitos a las familias m\u00e1s vulnerables no solo de Naucalpan, el Estado de M\u00e9xico, sino del pa\u00eds\u201d, concluy\u00f3.<\/p>\n","protected":false},"excerpt":{"rendered":"<p>La Academia Internacional de L\u00edderes de Excelencia Filantr\u00f3pica (ACILEF SC) y el Grupo Social RAAG galardonaron a la activista y luchadora social Marina Salgado de Parra por su trayectoria y acciones en favor ciudadano.<\/p>\n","protected":false},"author":3,"featured_media":626808,"comment_status":"open","ping_status":"open","sticky":false,"template":"","format":"standard","meta":{"_monsterinsights_skip_tracking":false,"_monsterinsights_sitenote_active":false,"_monsterinsights_sitenote_note":"","_monsterinsights_sitenote_category":0,"footnotes":""},"categories":[5],"tags":[100355,95094,34],"class_list":["post-626681","post","type-post","status-publish","format-standard","has-post-thumbnail","hentry","category-estado-de-mexico","tag-labor-humanista","tag-marina-salgado-de-parra","tag-valle-de-mexico"],"_links":{"self":[{"href":"https:\/\/www.diarioimagen.net\/index.php?rest_route=\/wp\/v2\/posts\/626681","targetHints":{"allow":["GET"]}}],"collection":[{"href":"https:\/\/www.diarioimagen.net\/index.php?rest_route=\/wp\/v2\/posts"}],"about":[{"href":"https:\/\/www.diarioimagen.net\/index.php?rest_route=\/wp\/v2\/types\/post"}],"author":[{"embeddable":true,"href":"https:\/\/www.diarioimagen.net\/index.php?rest_route=\/wp\/v2\/users\/3"}],"replies":[{"embeddable":true,"href":"https:\/\/www.diarioimagen.net\/index.php?rest_route=%2Fwp%2Fv2%2Fcomments&post=626681"}],"version-history":[{"count":0,"href":"https:\/\/www.diarioimagen.net\/index.php?rest_route=\/wp\/v2\/posts\/626681\/revisions"}],"wp:featuredmedia":[{"embeddable":true,"href":"https:\/\/www.diarioimagen.net\/index.php?rest_route=\/wp\/v2\/media\/626808"}],"wp:attachment":[{"href":"https:\/\/www.diarioimagen.net\/index.php?rest_route=%2Fwp%2Fv2%2Fmedia&parent=626681"}],"wp:term":[{"taxonomy":"category","embeddable":true,"href":"https:\/\/www.diarioimagen.net\/index.php?rest_route=%2Fwp%2Fv2%2Fcategories&post=626681"},{"taxonomy":"post_tag","embeddable":true,"href":"https:\/\/www.diarioimagen.net\/index.php?rest_route=%2Fwp%2Fv2%2Ftags&post=626681"}],"curies":[{"name":"wp","href":"https:\/\/api.w.org\/{rel}","templated":true}]}}