{"id":626830,"date":"2024-07-22T00:09:57","date_gmt":"2024-07-22T06:09:57","guid":{"rendered":"https:\/\/www.diarioimagen.net\/?p=626830"},"modified":"2024-07-23T02:01:16","modified_gmt":"2024-07-23T08:01:16","slug":"jorge-martinez-egresado-de-la-uaemex-destaca-por-su-trabajo-artistico-multidisciplinario","status":"publish","type":"post","link":"https:\/\/www.diarioimagen.net\/?p=626830","title":{"rendered":"Jorge Mart\u00ednez, egresado de la UAEM\u00e9x, destaca por su trabajo art\u00edstico multidisciplinario"},"content":{"rendered":"<p>&nbsp;<\/p>\n<div id=\"attachment_626936\" style=\"width: 470px\" class=\"wp-caption aligncenter\"><a href=\"https:\/\/www.diarioimagen.net\/?attachment_id=626936\" rel=\"attachment wp-att-626936\"><img loading=\"lazy\" decoding=\"async\" aria-describedby=\"caption-attachment-626936\" class=\"size-full wp-image-626936\" src=\"https:\/\/www.diarioimagen.net\/wp-content\/uploads\/2024\/07\/uaem-jorge.jpg\" alt=\"\" width=\"460\" height=\"270\" srcset=\"https:\/\/www.diarioimagen.net\/wp-content\/uploads\/2024\/07\/uaem-jorge.jpg 460w, https:\/\/www.diarioimagen.net\/wp-content\/uploads\/2024\/07\/uaem-jorge-240x141.jpg 240w\" sizes=\"auto, (max-width: 460px) 100vw, 460px\" \/><\/a><p id=\"caption-attachment-626936\" class=\"wp-caption-text\">El egresado de la Facultad de Artes usa el humor sencillo y simple como un recurso para plasmar en su obra los elementos cotidianos de la vida que pueden pasar desapercibidos.<\/p><\/div>\n<p>&nbsp;<\/p>\n<p><strong>Toluca, Estado de M\u00e9xico.<\/strong>\u2014 Mi trabajo art\u00edstico es como una libreta de apuntes, un calendario donde se van sumando momentos importantes; un d\u00eda puede ser una pintura y al otro un dibujo, puedo regresar a un trabajo antiguo o hacer uno nuevo, porque esa es mi reflexi\u00f3n de la importancia de la vida, que no solo hay un camino o una sola direcci\u00f3n, coment\u00f3 Jorge Luis Mart\u00ednez Hern\u00e1ndez, egresado de la Facultad de Artes de la Universidad Aut\u00f3noma del Estado de M\u00e9xico (UAEM\u00e9x) .<\/p>\n<p>Con un acercamiento al arte desde la adolescencia donde comenz\u00f3 a experimentar con la pintura, la cartoner\u00eda y la elaboraci\u00f3n de retratos, Jorge Mart\u00ednez se ha consolidado como un artista pl\u00e1stico interesado en el dibujo y la escultura, as\u00ed como en las artes visuales, donde su desempe\u00f1o en ambientaci\u00f3n y performance le han permitido conocer otros espacios y formas de expresi\u00f3n.<\/p>\n<p>El egresado de la Licenciatura en Artes Pl\u00e1sticas encuentra en esta disciplina una gran pasi\u00f3n, pues considera que al momento de hacer arte, se adquiere una capacidad creadora y de invenci\u00f3n al plasmar nuevas ideas o cosas, adem\u00e1s, destac\u00f3 que una obra permite a las y los artistas expresarse a partir de una idea u objeto, con la motivaci\u00f3n de transmitir y generar v\u00ednculos con la persona espectadora.<\/p>\n<p>En este sentido, Mart\u00ednez Hern\u00e1ndez coment\u00f3 que hace uso del humor sencillo y simple como un recurso para plasmar en su obra los elementos cotidianos de la vida que pueden pasar desapercibidos, resaltando que se puede cambiar la realidad al observar los peque\u00f1os detalles.<\/p>\n<p>\u201cUna persona puede re\u00edrse de las cosas cotidianas, como un tropiezo, yo busco esa particularidad en las situaciones precisamente porque encuentro en ellas un punto crucial que puede hacer una diferencia en lo que consideramos como cotidianidad\u201d, explic\u00f3.<\/p>\n<p>Mart\u00ednez Hern\u00e1ndez destac\u00f3 que, debido a que se desempe\u00f1a en m\u00faltiples disciplinas, el proceso creativo que conlleva la realizaci\u00f3n de sus obras inicia con una idea a la cual le buscar\u00e1 un formato y un espacio adecuado para posteriormente identificar la forma en la que ser\u00e1 creada, sin embargo, confes\u00f3 que en este paso la obra puede ser replanteada tantas veces sea necesario hasta que logre expresar lo que el artista quiere y sea totalmente clara y entendida por espectadores.<\/p>\n<p>El universitario resalt\u00f3 que el trabajo art\u00edstico, al igual que otras disciplinas, demanda disciplina y esfuerzo f\u00edsico, pues el desarrollo de una obra conlleva un desgaste intelectual e incluso emocional, por ello, consider\u00f3 relevante reconocer el trabajo que existe detr\u00e1s de cada mural, galer\u00eda o pintura, pues implica un empe\u00f1o distinto al que las personas conocen.<\/p>\n<p>Jorge Mart\u00ednez coment\u00f3 que la Aut\u00f3noma mexiquense ha influido fuertemente durante su trayectoria profesional, ya que adem\u00e1s de darle las bases para ejercer su profesi\u00f3n, la instituci\u00f3n se ha visto interesada en su trabajo, pues ha sido invitado a participar en diferentes proyectos y le ha dado espacio para exponer su obra, como su reciente exposici\u00f3n \u201cPar\u00e9ntesis\u201d, presentada en la Casa de Cultura de la UAEM\u00e9x en Tlalpan, Ciudad de M\u00e9xico.<\/p>\n<p>\u201cDesde que era estudiante me percat\u00e9 del compromiso de docentes durante y despu\u00e9s de mi formaci\u00f3n en la facultad, porque est\u00e1n al tanto de lo que est\u00e1 pasando con artistas o personas que hemos egresado y c\u00f3mo estamos ejerciendo esta profesi\u00f3n, creo que esto ha sido fundamental, porque he logrado ese reconocimiento a mi labor y ha ampliado las posibilidades para que mi camino siga creciendo\u201d, asever\u00f3.<\/p>\n<p>El artista universitario precis\u00f3 que su obra puede ser observada en espacios p\u00fablicos en el municipio de Metepec, donde pint\u00f3 algunos murales, as\u00ed como en el libro \u201cDetr\u00e1s de las puertas\u201d, -disponible dentro del Repositorio Institucional de la UAEM\u00e9x- donde particip\u00f3 con un ensayo visual. Adem\u00e1s, detall\u00f3 que algunas piezas art\u00edsticas ser\u00e1n exhibidas en el metro de la Ciudad de M\u00e9xico, por lo que invit\u00f3 a las personas a seguir su trabajo art\u00edstico a trav\u00e9s de sus redes sociales como @jorgemahdez en Instagram, y como Jorge Mahdez en Facebook.<\/p>\n<p>Finalmente, Jorge Mart\u00ednez invit\u00f3 a la comunidad universitaria a confiar en su talento y acercarse con personas que compartan su mismo inter\u00e9s y pasi\u00f3n por el arte, pues de esta manera se establecer\u00e1n grandes redes de apoyo y de gu\u00eda para seguir creando, as\u00ed como contribuir al arte dentro y fuera de los espacios acad\u00e9micos.<\/p>\n","protected":false},"excerpt":{"rendered":"<p>Mi trabajo art\u00edstico es como una libreta de apuntes, un calendario donde se van sumando momentos importantes; un d\u00eda puede ser una pintura y al otro un dibujo, puedo regresar a un trabajo antiguo o hacer uno nuevo, porque esa es mi reflexi\u00f3n de la importancia de la vida, que no solo hay un camino o una sola direcci\u00f3n, coment\u00f3 Jorge Luis Mart\u00ednez Hern\u00e1ndez, egresado de la Facultad de Artes de la Universidad Aut\u00f3noma del Estado de M\u00e9xico (UAEM\u00e9x) .<\/p>\n","protected":false},"author":3,"featured_media":626936,"comment_status":"open","ping_status":"open","sticky":false,"template":"","format":"standard","meta":{"_monsterinsights_skip_tracking":false,"_monsterinsights_sitenote_active":false,"_monsterinsights_sitenote_note":"","_monsterinsights_sitenote_category":0,"footnotes":""},"categories":[5],"tags":[100369,67878],"class_list":["post-626830","post","type-post","status-publish","format-standard","has-post-thumbnail","hentry","category-estado-de-mexico","tag-multidisciplinario","tag-uaemex"],"_links":{"self":[{"href":"https:\/\/www.diarioimagen.net\/index.php?rest_route=\/wp\/v2\/posts\/626830","targetHints":{"allow":["GET"]}}],"collection":[{"href":"https:\/\/www.diarioimagen.net\/index.php?rest_route=\/wp\/v2\/posts"}],"about":[{"href":"https:\/\/www.diarioimagen.net\/index.php?rest_route=\/wp\/v2\/types\/post"}],"author":[{"embeddable":true,"href":"https:\/\/www.diarioimagen.net\/index.php?rest_route=\/wp\/v2\/users\/3"}],"replies":[{"embeddable":true,"href":"https:\/\/www.diarioimagen.net\/index.php?rest_route=%2Fwp%2Fv2%2Fcomments&post=626830"}],"version-history":[{"count":0,"href":"https:\/\/www.diarioimagen.net\/index.php?rest_route=\/wp\/v2\/posts\/626830\/revisions"}],"wp:featuredmedia":[{"embeddable":true,"href":"https:\/\/www.diarioimagen.net\/index.php?rest_route=\/wp\/v2\/media\/626936"}],"wp:attachment":[{"href":"https:\/\/www.diarioimagen.net\/index.php?rest_route=%2Fwp%2Fv2%2Fmedia&parent=626830"}],"wp:term":[{"taxonomy":"category","embeddable":true,"href":"https:\/\/www.diarioimagen.net\/index.php?rest_route=%2Fwp%2Fv2%2Fcategories&post=626830"},{"taxonomy":"post_tag","embeddable":true,"href":"https:\/\/www.diarioimagen.net\/index.php?rest_route=%2Fwp%2Fv2%2Ftags&post=626830"}],"curies":[{"name":"wp","href":"https:\/\/api.w.org\/{rel}","templated":true}]}}