{"id":626850,"date":"2024-07-22T00:02:01","date_gmt":"2024-07-22T06:02:01","guid":{"rendered":"https:\/\/www.diarioimagen.net\/?p=626850"},"modified":"2024-07-22T01:48:57","modified_gmt":"2024-07-22T07:48:57","slug":"presenta-movilidad-edomex-resultados-sobre-mejoras-en-el-transporte-publico","status":"publish","type":"post","link":"https:\/\/www.diarioimagen.net\/?p=626850","title":{"rendered":"Presenta Movilidad Edomex resultados sobre mejoras en el transporte p\u00fablico"},"content":{"rendered":"<p>&nbsp;<\/p>\n<ul>\n<li><strong><em>Reporte de Daniel Sibaja Gonz\u00e1lez<\/em><\/strong><\/li>\n<\/ul>\n<p>&nbsp;<\/p>\n<div id=\"attachment_626976\" style=\"width: 470px\" class=\"wp-caption aligncenter\"><a href=\"https:\/\/www.diarioimagen.net\/?attachment_id=626976\" rel=\"attachment wp-att-626976\"><img loading=\"lazy\" decoding=\"async\" aria-describedby=\"caption-attachment-626976\" class=\"size-full wp-image-626976\" src=\"https:\/\/www.diarioimagen.net\/wp-content\/uploads\/2024\/07\/presenta-movilidad-edomex.jpg\" alt=\"\" width=\"460\" height=\"270\" srcset=\"https:\/\/www.diarioimagen.net\/wp-content\/uploads\/2024\/07\/presenta-movilidad-edomex.jpg 460w, https:\/\/www.diarioimagen.net\/wp-content\/uploads\/2024\/07\/presenta-movilidad-edomex-240x141.jpg 240w\" sizes=\"auto, (max-width: 460px) 100vw, 460px\" \/><\/a><p id=\"caption-attachment-626976\" class=\"wp-caption-text\">Daniel Sibaja Gonz\u00e1lez, secretario de Movilidad del Estado de M\u00e9xico, se\u00f1al\u00f3 que el objetivo es impulsar un transporte digno, eficiente, moderno y seguro, donde se atiendan las necesidades y los reclamos del pueblo.<\/p><\/div>\n<p>&nbsp;<\/p>\n<p><strong>Tlalnepantla, Estado de M\u00e9xico.\u2014<\/strong> El gobierno de la maestra Delfina G\u00f3mez \u00c1lvarez, a trav\u00e9s de la Secretar\u00eda de Movilidad (Semov), present\u00f3 los primeros resultados de la Cruzada por el Transporte P\u00fablico del Pueblo para el Pueblo, que busca mejorar el servicio y la seguridad.<\/p>\n<p>Daniel Sibaja Gonz\u00e1lez, secretario de Movilidad del Estado de M\u00e9xico mencion\u00f3 que el objetivo es impulsar un transporte digno, eficiente, moderno y seguro, donde se atiendan las necesidades y los reclamos del pueblo.<\/p>\n<p>Mencion\u00f3 que a partir del 24 de junio, fecha en que inici\u00f3 la Cruzada por el Transporte P\u00fablico, cerca de 40 mil usuarios se vieron beneficiados con 134 visitas de inspecci\u00f3n en bases, paraderos y transporte p\u00fablico, con lo que se busca garantizar la seguridad de los mexiquenses.<\/p>\n<p>Como resultado de las visitas de inspecci\u00f3n, se revisaron cinco mil unidades de transporte p\u00fablico y se retuvieron a 335 unidades debido a que los operadores no presentaron su licencia de conducir, el seguro de la unidad no estaba vigente, ten\u00edan los vidrios polarizados y, en algunos casos, por invadir el carril confinado del Mexib\u00fas.<\/p>\n<p>El funcionario mexiquense inform\u00f3 que, como parte de los resultados de la Cruzada por el Transporte P\u00fablico, seis concesiones se encuentran en proceso de cancelaci\u00f3n, por faltas graves a la normatividad vigente.<\/p>\n<p>\u201cEs importante decir que este retiro de concesi\u00f3n es hist\u00f3rico, porque marca la pauta de que s\u00ed alguien sigue siendo omiso se le va a quitar la concesi\u00f3n\u201d, indic\u00f3.<\/p>\n<p>Mencion\u00f3 que, al momento, se han retirado de la circulaci\u00f3n a cinco mil unidades de transporte p\u00fablico que operaban de manera ilegal.<\/p>\n<p>Tambi\u00e9n inform\u00f3 que se realizaron reuniones con 37 empresas de transportistas, de capacitaci\u00f3n para mejorar el servicio e impulsar la regularizaci\u00f3n de las concesiones y unidades.<\/p>\n","protected":false},"excerpt":{"rendered":"<p>El gobierno de la maestra Delfina G\u00f3mez \u00c1lvarez, a trav\u00e9s de la Secretar\u00eda de Movilidad (Semov), present\u00f3 los primeros resultados de la Cruzada por el Transporte P\u00fablico del Pueblo para el Pueblo, que busca mejorar el servicio y la seguridad.<\/p>\n","protected":false},"author":3,"featured_media":626976,"comment_status":"open","ping_status":"open","sticky":false,"template":"","format":"standard","meta":{"_monsterinsights_skip_tracking":false,"_monsterinsights_sitenote_active":false,"_monsterinsights_sitenote_note":"","_monsterinsights_sitenote_category":0,"footnotes":""},"categories":[5],"tags":[68,43675,169,4962],"class_list":["post-626850","post","type-post","status-publish","format-standard","has-post-thumbnail","hentry","category-estado-de-mexico","tag-edomex","tag-estado-de-mexico","tag-tlalnepantla","tag-transporte-publico"],"_links":{"self":[{"href":"https:\/\/www.diarioimagen.net\/index.php?rest_route=\/wp\/v2\/posts\/626850","targetHints":{"allow":["GET"]}}],"collection":[{"href":"https:\/\/www.diarioimagen.net\/index.php?rest_route=\/wp\/v2\/posts"}],"about":[{"href":"https:\/\/www.diarioimagen.net\/index.php?rest_route=\/wp\/v2\/types\/post"}],"author":[{"embeddable":true,"href":"https:\/\/www.diarioimagen.net\/index.php?rest_route=\/wp\/v2\/users\/3"}],"replies":[{"embeddable":true,"href":"https:\/\/www.diarioimagen.net\/index.php?rest_route=%2Fwp%2Fv2%2Fcomments&post=626850"}],"version-history":[{"count":0,"href":"https:\/\/www.diarioimagen.net\/index.php?rest_route=\/wp\/v2\/posts\/626850\/revisions"}],"wp:featuredmedia":[{"embeddable":true,"href":"https:\/\/www.diarioimagen.net\/index.php?rest_route=\/wp\/v2\/media\/626976"}],"wp:attachment":[{"href":"https:\/\/www.diarioimagen.net\/index.php?rest_route=%2Fwp%2Fv2%2Fmedia&parent=626850"}],"wp:term":[{"taxonomy":"category","embeddable":true,"href":"https:\/\/www.diarioimagen.net\/index.php?rest_route=%2Fwp%2Fv2%2Fcategories&post=626850"},{"taxonomy":"post_tag","embeddable":true,"href":"https:\/\/www.diarioimagen.net\/index.php?rest_route=%2Fwp%2Fv2%2Ftags&post=626850"}],"curies":[{"name":"wp","href":"https:\/\/api.w.org\/{rel}","templated":true}]}}