{"id":627022,"date":"2024-07-23T00:01:12","date_gmt":"2024-07-23T06:01:12","guid":{"rendered":"https:\/\/www.diarioimagen.net\/?p=627022"},"modified":"2024-07-23T03:17:40","modified_gmt":"2024-07-23T09:17:40","slug":"laura-vignatti-exige-que-la-justicia-mexicana-abra-los-ojos","status":"publish","type":"post","link":"https:\/\/www.diarioimagen.net\/?p=627022","title":{"rendered":"Laura Vignatti exige que la justicia mexicana \u201cabra\u00a0los\u00a0ojos\u201d"},"content":{"rendered":"<p>&nbsp;<\/p>\n<h2 style=\"text-align: center;\">Pide una orden de aprehensi\u00f3n<\/h2>\n<p>&nbsp;<\/p>\n<ul>\n<li><strong><em>Asegura que est\u00e1n protegiendo a su agresor<\/em><\/strong><\/li>\n<\/ul>\n<p><strong>\u00a0<\/strong><\/p>\n<div id=\"attachment_627142\" style=\"width: 470px\" class=\"wp-caption aligncenter\"><a href=\"https:\/\/www.diarioimagen.net\/?attachment_id=627142\" rel=\"attachment wp-att-627142\"><img loading=\"lazy\" decoding=\"async\" aria-describedby=\"caption-attachment-627142\" class=\"size-full wp-image-627142\" src=\"https:\/\/www.diarioimagen.net\/wp-content\/uploads\/2024\/07\/laura-vignatti.jpg\" alt=\"\" width=\"460\" height=\"270\" srcset=\"https:\/\/www.diarioimagen.net\/wp-content\/uploads\/2024\/07\/laura-vignatti.jpg 460w, https:\/\/www.diarioimagen.net\/wp-content\/uploads\/2024\/07\/laura-vignatti-240x141.jpg 240w\" sizes=\"auto, (max-width: 460px) 100vw, 460px\" \/><\/a><p id=\"caption-attachment-627142\" class=\"wp-caption-text\">Laura Vignatti, ha decidido, luego de un largo proceso de rehabilitaci\u00f3n f\u00edsica, sicol\u00f3gica y emocional, denunciar penalmente a su agresor.<\/p><\/div>\n<p>&nbsp;<\/p>\n<p>La Fiscal\u00eda de Ciudad de M\u00e9xico ha citado siete veces a Salvador \u201cN\u201d, pero \u00e9l no ha asistido a ninguna de ellas. A pesar del desacato, este hombre acusado de actos de violencia graves, abusos, amenazas y privaci\u00f3n de la libertad, sigue libre.<\/p>\n<p>\u201cDeber\u00edan haberle dictado orden de aprehensi\u00f3n desde la tercera o cuarta audiencia que no asisti\u00f3, pero aqu\u00ed estamos, en la s\u00e9ptima y \u00e9l sigue libre, por lo que hay ah\u00ed tambi\u00e9n actos de corrupci\u00f3n\u201d, denuncia la v\u00edctima de Salvador \u201cN\u201d, la actriz Laura Vignatti, quien ha decidido, luego de un largo proceso de rehabilitaci\u00f3n f\u00edsica, sicol\u00f3gica y emocional, denunciarlo penalmente para buscar justicia.<\/p>\n<p>\u201cA m\u00ed no me van a parar\u201d, dice Vignatti con una determinaci\u00f3n que es todav\u00eda m\u00e1s admirable al saber que la denuncia penal ya lleva un a\u00f1o en los tribunales y que una juez ha preferido proteger a Salvador \u201cN\u201d, que cuidar la vida de Laura.<\/p>\n<p>Vignatti lleg\u00f3 a M\u00e9xico desde su natal Argentina para hacer carrera de actriz. Su popularidad estall\u00f3 gracias a su personaje de Daniela C\u00f3rcega en la telenovela \u201cMi marido tiene familia\u201d, en Televisa.\u00a0 Su \u00e9xito sigui\u00f3 con \u201cLa mexicana y el g\u00fcero\u201d y \u201cAmor dividido\u201d pero en 2023, mientras grababa \u201cMi secreto\u201d, su vida cambi\u00f3 de manera radical<\/p>\n<p>En octubre de ese a\u00f1o comenz\u00f3 una relaci\u00f3n con Salvador \u201cN\u201d, quien a los dos d\u00edas de conocerla ya le hab\u00eda presentado a su madre, y a la semana ya se hab\u00eda hecho un tatuaje enorme con su nombre.<\/p>\n<p>De manera vertiginosa, Laura de pronto se vio atrapada en una relaci\u00f3n en la que Salvador \u201cN\u201d la violentaba de manera sicol\u00f3gica: \u201cMe aisl\u00f3 de mis amigos porque, seg\u00fan \u00e9l, todos quer\u00edan conmigo, todos me quer\u00edan ver la cara, todos quer\u00edan intentar estar conmigo\u201d.<\/p>\n<p>La violencia f\u00edsica fue el siguiente paso y tuvo su punto m\u00e1s cr\u00edtico el 24 de diciembre, cuando Salvador \u201cN\u201d la atac\u00f3 y la encerr\u00f3 en la rec\u00e1mara donde viv\u00edan.<\/p>\n<p>\u201cMe pega con el pu\u00f1o en la cabeza, en el cuerpo, me empuja, me jala de los pelos, me arranca la mitad de los pelos\u201d, narra Laura, quien vivi\u00f3 ese infierno durante dos meses con golpizas diarias, hasta que un d\u00eda logr\u00f3 escaparse de su agresor.<\/p>\n<p>A los dos meses, Laura aprovech\u00f3 un descuido para huir de la casa, pero al tratar de salir de la unidad habitacional, el guardia de seguridad le dice con frialdad: \u201clo siento se\u00f1orita, no puedo dejarla salir\u201d.<\/p>\n<p>Laura Vignatti iba descalza, golpeada, con la nariz fracturada y sangrando. Ese d\u00eda, Salvador \u201cN\u201d, en su desesperaci\u00f3n para que ella volviera a entrar en la casa, destruy\u00f3 el auto de Laura. Finalmente, y con ayuda del padre de su agresor, la actriz logr\u00f3 huir y se fue de M\u00e9xico.<\/p>\n<p>Con ayuda sicol\u00f3gica y siqui\u00e1trica, Vignatti se recuper\u00f3 f\u00edsicamente y se reencontr\u00f3 a s\u00ed misma en el aspecto emocional. \u201cMe di cuenta de que pod\u00eda salir a caminar a la calle y que hab\u00eda una vida normal\u201d, explica al recordar el secuestro al que la ten\u00eda sometida su ex.<\/p>\n<p>\u201cCuando regres\u00e9 a M\u00e9xico, yo dije: \u2018a m\u00ed no me vas a parar, no voy a dejar que me sigas haciendo da\u00f1o a m\u00ed ni a otras mujeres\u2019\u201d. Ah\u00ed comenz\u00f3 la b\u00fasqueda de justicia.<\/p>\n<p>Sin embargo, ha sido un a\u00f1o largo y tortuoso para Laura Vignatti debido a la nula celeridad de la autoridad mexicana. \u201cLa jueza, una mujer, est\u00e1 protegiendo a esta persona teniendo pruebas muy fuertes de todo tipo y no giran orden de aprehensi\u00f3n.\u00a0 Hay un tema de corrupci\u00f3n muy fuerte ah\u00ed y por eso es que yo decido hacer p\u00fablica toda esta situaci\u00f3n para que la justicia abra los ojos\u201d.<\/p>\n<p>Entre otras cosas, a trav\u00e9s de su cuenta de Instagram, la actriz ha revelado el rostro de su agresor. Tambi\u00e9n ha exhibido audios en los que la amenaza con sembrarle droga y fotos en las que muestra las huellas de la brutal violencia de la que ha sido v\u00edctima.<\/p>\n<p>Hoy, a un a\u00f1o y dos meses de la denuncia y a pesar de la corrupci\u00f3n que denuncia, la convicci\u00f3n de la actriz sigue firme: que su agresor pague ante la justicia lo que ha hecho.<\/p>\n<p>&nbsp;<\/p>\n<blockquote><p><strong>Con ayuda sicol\u00f3gica y siqui\u00e1trica, Vignatti se recuper\u00f3 f\u00edsicamente y se reencontr\u00f3 a s\u00ed misma en el aspecto emocional. \u201cMe di cuenta de que pod\u00eda salir a caminar a la calle y que hab\u00eda una vida normal\u201d, dijo<\/strong><\/p><\/blockquote>\n","protected":false},"excerpt":{"rendered":"<p>La Fiscal\u00eda de Ciudad de M\u00e9xico ha citado siete veces a Salvador \u201cN\u201d, pero \u00e9l no ha asistido a ninguna de ellas. A pesar del desacato, este hombre acusado de actos de violencia graves, abusos, amenazas y privaci\u00f3n de la libertad, sigue libre.<\/p>\n","protected":false},"author":3,"featured_media":627142,"comment_status":"open","ping_status":"open","sticky":false,"template":"","format":"standard","meta":{"_monsterinsights_skip_tracking":false,"_monsterinsights_sitenote_active":false,"_monsterinsights_sitenote_note":"","_monsterinsights_sitenote_category":0,"footnotes":""},"categories":[6],"tags":[100383,43682,48786],"class_list":["post-627022","post","type-post","status-publish","format-standard","has-post-thumbnail","hentry","category-cd-de-mexico","tag-abra-los-ojos","tag-espectaculos","tag-laura-vignatti"],"_links":{"self":[{"href":"https:\/\/www.diarioimagen.net\/index.php?rest_route=\/wp\/v2\/posts\/627022","targetHints":{"allow":["GET"]}}],"collection":[{"href":"https:\/\/www.diarioimagen.net\/index.php?rest_route=\/wp\/v2\/posts"}],"about":[{"href":"https:\/\/www.diarioimagen.net\/index.php?rest_route=\/wp\/v2\/types\/post"}],"author":[{"embeddable":true,"href":"https:\/\/www.diarioimagen.net\/index.php?rest_route=\/wp\/v2\/users\/3"}],"replies":[{"embeddable":true,"href":"https:\/\/www.diarioimagen.net\/index.php?rest_route=%2Fwp%2Fv2%2Fcomments&post=627022"}],"version-history":[{"count":0,"href":"https:\/\/www.diarioimagen.net\/index.php?rest_route=\/wp\/v2\/posts\/627022\/revisions"}],"wp:featuredmedia":[{"embeddable":true,"href":"https:\/\/www.diarioimagen.net\/index.php?rest_route=\/wp\/v2\/media\/627142"}],"wp:attachment":[{"href":"https:\/\/www.diarioimagen.net\/index.php?rest_route=%2Fwp%2Fv2%2Fmedia&parent=627022"}],"wp:term":[{"taxonomy":"category","embeddable":true,"href":"https:\/\/www.diarioimagen.net\/index.php?rest_route=%2Fwp%2Fv2%2Fcategories&post=627022"},{"taxonomy":"post_tag","embeddable":true,"href":"https:\/\/www.diarioimagen.net\/index.php?rest_route=%2Fwp%2Fv2%2Ftags&post=627022"}],"curies":[{"name":"wp","href":"https:\/\/api.w.org\/{rel}","templated":true}]}}