{"id":627024,"date":"2024-07-23T00:02:38","date_gmt":"2024-07-23T06:02:38","guid":{"rendered":"https:\/\/www.diarioimagen.net\/?p=627024"},"modified":"2024-07-23T02:27:53","modified_gmt":"2024-07-23T08:27:53","slug":"cirque-du-soleil-regresa-a-guadalajara-con-kurios","status":"publish","type":"post","link":"https:\/\/www.diarioimagen.net\/?p=627024","title":{"rendered":"Cirque du Soleil regresa a Guadalajara con Kurios"},"content":{"rendered":"<p>&nbsp;<\/p>\n<h2 style=\"text-align: center;\">El Gran Gabinete de curiosidades<\/h2>\n<p>&nbsp;<\/p>\n<ul>\n<li><strong><em>Esc\u00e1pate de la realidad con un espect\u00e1culo al estilo steampunk de proporciones \u00e9picas<\/em><\/strong><\/li>\n<\/ul>\n<p>&nbsp;<\/p>\n<div id=\"attachment_627159\" style=\"width: 470px\" class=\"wp-caption aligncenter\"><a href=\"https:\/\/www.diarioimagen.net\/?attachment_id=627159\" rel=\"attachment wp-att-627159\"><img loading=\"lazy\" decoding=\"async\" aria-describedby=\"caption-attachment-627159\" class=\"size-full wp-image-627159\" src=\"https:\/\/www.diarioimagen.net\/wp-content\/uploads\/2024\/07\/cirque-du-soleil.jpg\" alt=\"\" width=\"460\" height=\"270\" srcset=\"https:\/\/www.diarioimagen.net\/wp-content\/uploads\/2024\/07\/cirque-du-soleil.jpg 460w, https:\/\/www.diarioimagen.net\/wp-content\/uploads\/2024\/07\/cirque-du-soleil-240x141.jpg 240w\" sizes=\"auto, (max-width: 460px) 100vw, 460px\" \/><\/a><p id=\"caption-attachment-627159\" class=\"wp-caption-text\">Aclamado por la cr\u00edtica en todo el mundo, Kurios revisita asombrosamente el estilo caracter\u00edstico de actuaci\u00f3n de Cirque du Soleil.<\/p><\/div>\n<p>&nbsp;<\/p>\n<p>Cirque du Soleil se enorgullece en anunciar la temporada en Guadalajara de su espect\u00e1culo itinerante m\u00e1s aclamado por la cr\u00edtica, Kurios (Gabinete de curiosudades). A partir del 20 de septiembre, el p\u00fablico est\u00e1 invitado a escapar de la realidad y adentrarse en un mundo de imaginaci\u00f3n extraordinaria bajo la ic\u00f3nica Gran Carpa Soleil en Plaza Patria de Guadalajara para una serie limitada de presentaciones. Los boletos estar\u00e1n disponibles en preventa Citibanamex el 26 de julio, y un d\u00eda despu\u00e9s los podr\u00e1s adquirir en las taquillas del inmueble o a trav\u00e9s de <em>www.ticketmaster.com.mx<\/em><\/p>\n<p style=\"text-align: center;\"><strong>Una Experiencia Como Ninguna: Kurios<\/strong><\/p>\n<p>Aclamado por la cr\u00edtica en todo el mundo, Kurios revisita asombrosamente el estilo caracter\u00edstico de actuaci\u00f3n de Cirque du Soleil, entrelazando acrobacias impresionantes con un toque refrescante de poes\u00eda, arte y humor. Una fuga asombrosa de la realidad, KURIOS desvela un universo festivo inspirado en el steampunk, donde lo inesperado acecha en cada esquina.<\/p>\n<p>En un pasado alternativo pero familiar, Kurios se adentra en el laboratorio mec\u00e1nico de un inventor convencido de que existe un mundo oculto e invisible, un lugar donde las ideas m\u00e1s locas y los sue\u00f1os m\u00e1s grandes esperan. Una vez que el inventor logra abrir la puerta a este mundo de maravillas, el tiempo se detiene por completo y un elenco de personajes de otro mundo invade su gabinete de curiosidades, dando vida a sus creaciones improvisadas, una por una. A medida que lo visible se vuelve invisible y las perspectivas se transforman, KURIOS estalla en una celebraci\u00f3n del poder de la imaginaci\u00f3n.<\/p>\n<p>OCESAfact: Estrenado en Montreal en 2014, Kurios ha cautivado a m\u00e1s de 5 millones de espectadores en 35 ciudades de todo el mundo, con m\u00e1s de 2,500 presentaciones llevadas a cabo por su elenco de 50 artistas de clase mundial.<\/p>\n","protected":false},"excerpt":{"rendered":"<p>Cirque du Soleil se enorgullece en anunciar la temporada en Guadalajara de su espect\u00e1culo itinerante m\u00e1s aclamado por la cr\u00edtica, Kurios (Gabinete de curiosudades). A partir del 20 de septiembre, el p\u00fablico est\u00e1 invitado a escapar de la realidad y adentrarse en un mundo de imaginaci\u00f3n extraordinaria bajo la ic\u00f3nica Gran Carpa Soleil en Plaza Patria de Guadalajara para una serie limitada de presentaciones.<\/p>\n","protected":false},"author":3,"featured_media":627159,"comment_status":"open","ping_status":"open","sticky":false,"template":"","format":"standard","meta":{"_monsterinsights_skip_tracking":false,"_monsterinsights_sitenote_active":false,"_monsterinsights_sitenote_note":"","_monsterinsights_sitenote_category":0,"footnotes":""},"categories":[12],"tags":[8684,43682,100384],"class_list":["post-627024","post","type-post","status-publish","format-standard","has-post-thumbnail","hentry","category-espectaculos","tag-cirque-du-soleil","tag-espectaculos","tag-kurios"],"_links":{"self":[{"href":"https:\/\/www.diarioimagen.net\/index.php?rest_route=\/wp\/v2\/posts\/627024","targetHints":{"allow":["GET"]}}],"collection":[{"href":"https:\/\/www.diarioimagen.net\/index.php?rest_route=\/wp\/v2\/posts"}],"about":[{"href":"https:\/\/www.diarioimagen.net\/index.php?rest_route=\/wp\/v2\/types\/post"}],"author":[{"embeddable":true,"href":"https:\/\/www.diarioimagen.net\/index.php?rest_route=\/wp\/v2\/users\/3"}],"replies":[{"embeddable":true,"href":"https:\/\/www.diarioimagen.net\/index.php?rest_route=%2Fwp%2Fv2%2Fcomments&post=627024"}],"version-history":[{"count":0,"href":"https:\/\/www.diarioimagen.net\/index.php?rest_route=\/wp\/v2\/posts\/627024\/revisions"}],"wp:featuredmedia":[{"embeddable":true,"href":"https:\/\/www.diarioimagen.net\/index.php?rest_route=\/wp\/v2\/media\/627159"}],"wp:attachment":[{"href":"https:\/\/www.diarioimagen.net\/index.php?rest_route=%2Fwp%2Fv2%2Fmedia&parent=627024"}],"wp:term":[{"taxonomy":"category","embeddable":true,"href":"https:\/\/www.diarioimagen.net\/index.php?rest_route=%2Fwp%2Fv2%2Fcategories&post=627024"},{"taxonomy":"post_tag","embeddable":true,"href":"https:\/\/www.diarioimagen.net\/index.php?rest_route=%2Fwp%2Fv2%2Ftags&post=627024"}],"curies":[{"name":"wp","href":"https:\/\/api.w.org\/{rel}","templated":true}]}}