{"id":627028,"date":"2024-07-23T00:01:37","date_gmt":"2024-07-23T06:01:37","guid":{"rendered":"https:\/\/www.diarioimagen.net\/?p=627028"},"modified":"2024-07-24T01:18:20","modified_gmt":"2024-07-24T07:18:20","slug":"extiende-pjcdmx-cultura-juridica-con-su-libreria-itinerante","status":"publish","type":"post","link":"https:\/\/www.diarioimagen.net\/?p=627028","title":{"rendered":"Extiende PJCDMX cultura jur\u00eddica con su <em>Librer\u00eda Itinerante<\/em>"},"content":{"rendered":"<p>&nbsp;<\/p>\n<ul>\n<li><strong><em>A trav\u00e9s de ese novedoso programa de difusi\u00f3n, se ofreci\u00f3 a su personal, litigantes y p\u00fablico en general su oferta editorial m\u00e1s all\u00e1 de su librer\u00eda permanente<\/em><\/strong><\/li>\n<\/ul>\n<p>&nbsp;<\/p>\n<div id=\"attachment_627116\" style=\"width: 470px\" class=\"wp-caption aligncenter\"><a href=\"https:\/\/www.diarioimagen.net\/?attachment_id=627116\" rel=\"attachment wp-att-627116\"><img loading=\"lazy\" decoding=\"async\" aria-describedby=\"caption-attachment-627116\" class=\"size-full wp-image-627116\" src=\"https:\/\/www.diarioimagen.net\/wp-content\/uploads\/2024\/07\/tribunal-9.jpg\" alt=\"\" width=\"460\" height=\"270\" srcset=\"https:\/\/www.diarioimagen.net\/wp-content\/uploads\/2024\/07\/tribunal-9.jpg 460w, https:\/\/www.diarioimagen.net\/wp-content\/uploads\/2024\/07\/tribunal-9-240x141.jpg 240w\" sizes=\"auto, (max-width: 460px) 100vw, 460px\" \/><\/a><p id=\"caption-attachment-627116\" class=\"wp-caption-text\">Mediante el programa concluido, puso a disposici\u00f3n m\u00e1s de 100 t\u00edtulos a bajos costos, entre las obras de mayor demanda estuvo el C\u00f3digo Nacional de Procedimientos Civiles y Familiares (de bolsillo y correlacionado).<\/p><\/div>\n<p>&nbsp;<\/p>\n<p>En un esfuerzo institucional de difusi\u00f3n de la cultura jur\u00eddica hac\u00eda su personal, litigantes y p\u00fablico en general, el Poder Judicial de la Ciudad de M\u00e9xico (PJCDMX), cuyo presidente es el magistrado Rafael Guerra \u00c1lvarez, culmin\u00f3 en el primer semestre del a\u00f1o su novedoso programa denominado <em>Librer\u00eda Itinerante<\/em>, mediante el cual traslad\u00f3 su oferta editorial propia hasta sus sedes m\u00e1s concurridas.<\/p>\n<p>Por primera vez, los servicios de venta de la librer\u00eda permanente salieron a los diversos inmuebles de la Ciudad Judicial, la Torre de Patriotismo 230, Plaza Ju\u00e1rez y los inmuebles de juzgados de los reclusorios Norte, Sur y Oriente, en lo que se pusieron a disposici\u00f3n de servidores p\u00fablicos y justiciables m\u00e1s de 100 t\u00edtulos a bajos costos.<\/p>\n<p>Entre las obras de mayor demanda estuvieron la <em>Compilaci\u00f3n Penal (C\u00f3digo Penal para el Distrito Federal, C\u00f3digo Nacional de Procedimientos Penales, Ley Nacional de Ejecuci\u00f3n Penal y Ley Nacional de Mecanismos Alternativos de Soluci\u00f3n de Controversias en Materia Penal)<\/em>, <em>C\u00f3digo Nacional de Procedimientos Civiles y Familiares (de bolsillo y correlacionado)<\/em>, <em>Lo que debes saber sobre las sucesiones hereditarias<\/em> y <em>El asesinato de Trotsky. Un caso hist\u00f3rico para los tribunales<\/em>.<\/p>\n<p>A trav\u00e9s de la Direcci\u00f3n General de Anales de Jurisprudencia y Bolet\u00edn Judicial, de la que depende de la librer\u00eda, se puso a disposici\u00f3n obra editorial como la <em>Constituci\u00f3n Pol\u00edtica de los Estados Unidos Mexicanos (tematizada)<\/em>, <em>El Libro Rojo de la Administraci\u00f3n de Justicia (volumen II)<\/em> y <em>Estatuas del Paseo de la Reforma. 77 Biograf\u00edas en la Historia de M\u00e9xico<\/em>.<\/p>\n<p>La oferta editorial tambi\u00e9n incluy\u00f3 la <em>Constituci\u00f3n Pol\u00edtica de la Ciudad de M\u00e9xico<\/em>, <em>De la prescripci\u00f3n extintiva<\/em>, <em>Lecturas Anales de Jurisprudencia. 90 Aniversario<\/em>, <em>C\u00f3digo de \u00c9tica del Tribunal Superior de Justicia y del Consejo de la Judicatura del Distrito Federal<\/em> y <em>La forma de los afectos<\/em>.<\/p>\n<p>Mediante la <em>Librer\u00eda Itinerante<\/em>, los trabajadores del PJCDMX contaron con un descuento de 20 por ciento.<\/p>\n<p>La oferta editorial del \u00f3rgano judicial capitalino est\u00e1 disponible en la librer\u00eda permanente con sede de Claudio Bernard, n\u00famero 60, planta baja, colonia Doctores, alcald\u00eda Cuauht\u00e9moc, en un horario de lunes a jueves de 09:00 a 15:00 horas, y el viernes de 09:00 a 14:00 horas. Informes: 55 91 56 49 97. WhatsApp: 55 48 87 81 57. Tambi\u00e9n se puede consultar el micro sitio <em>https:\/\/www.poderjudicialcdmx.gob.mx\/anales\/<\/em><\/p>\n","protected":false},"excerpt":{"rendered":"<p>En un esfuerzo institucional de difusi\u00f3n de la cultura jur\u00eddica hac\u00eda su personal, litigantes y p\u00fablico en general, el Poder Judicial de la Ciudad de M\u00e9xico (PJCDMX), cuyo presidente es el magistrado Rafael Guerra \u00c1lvarez, culmin\u00f3 en el primer semestre del a\u00f1o su novedoso programa denominado <em>Librer\u00eda Itinerante<\/em>, mediante el cual traslad\u00f3 su oferta editorial propia hasta sus sedes m\u00e1s concurridas.<\/p>\n","protected":false},"author":3,"featured_media":627116,"comment_status":"open","ping_status":"open","sticky":false,"template":"","format":"standard","meta":{"_monsterinsights_skip_tracking":false,"_monsterinsights_sitenote_active":false,"_monsterinsights_sitenote_note":"","_monsterinsights_sitenote_category":0,"footnotes":""},"categories":[6],"tags":[99504,87379],"class_list":["post-627028","post","type-post","status-publish","format-standard","has-post-thumbnail","hentry","category-cd-de-mexico","tag-libreria-itinerante","tag-pjcdmx"],"_links":{"self":[{"href":"https:\/\/www.diarioimagen.net\/index.php?rest_route=\/wp\/v2\/posts\/627028","targetHints":{"allow":["GET"]}}],"collection":[{"href":"https:\/\/www.diarioimagen.net\/index.php?rest_route=\/wp\/v2\/posts"}],"about":[{"href":"https:\/\/www.diarioimagen.net\/index.php?rest_route=\/wp\/v2\/types\/post"}],"author":[{"embeddable":true,"href":"https:\/\/www.diarioimagen.net\/index.php?rest_route=\/wp\/v2\/users\/3"}],"replies":[{"embeddable":true,"href":"https:\/\/www.diarioimagen.net\/index.php?rest_route=%2Fwp%2Fv2%2Fcomments&post=627028"}],"version-history":[{"count":0,"href":"https:\/\/www.diarioimagen.net\/index.php?rest_route=\/wp\/v2\/posts\/627028\/revisions"}],"wp:featuredmedia":[{"embeddable":true,"href":"https:\/\/www.diarioimagen.net\/index.php?rest_route=\/wp\/v2\/media\/627116"}],"wp:attachment":[{"href":"https:\/\/www.diarioimagen.net\/index.php?rest_route=%2Fwp%2Fv2%2Fmedia&parent=627028"}],"wp:term":[{"taxonomy":"category","embeddable":true,"href":"https:\/\/www.diarioimagen.net\/index.php?rest_route=%2Fwp%2Fv2%2Fcategories&post=627028"},{"taxonomy":"post_tag","embeddable":true,"href":"https:\/\/www.diarioimagen.net\/index.php?rest_route=%2Fwp%2Fv2%2Ftags&post=627028"}],"curies":[{"name":"wp","href":"https:\/\/api.w.org\/{rel}","templated":true}]}}