{"id":627036,"date":"2024-07-23T00:04:31","date_gmt":"2024-07-23T06:04:31","guid":{"rendered":"https:\/\/www.diarioimagen.net\/?p=627036"},"modified":"2024-07-23T02:24:28","modified_gmt":"2024-07-23T08:24:28","slug":"el-issemym-pide-extremar-precauciones-para-evitar-enfermedades-gastrointestinales","status":"publish","type":"post","link":"https:\/\/www.diarioimagen.net\/?p=627036","title":{"rendered":"El ISSEMyM pide extremar precauciones\u00a0para evitar enfermedades gastrointestinales"},"content":{"rendered":"<p>&nbsp;<\/p>\n<h2 style=\"text-align: center;\">Recomendaciones para estas vacaciones<\/h2>\n<p>&nbsp;<\/p>\n<ul>\n<li><strong><em>En verano se relajan los h\u00e1bitos de higiene, por ello aumentan este tipo de enfermedades<\/em><\/strong><\/li>\n<\/ul>\n<p>&nbsp;<\/p>\n<div id=\"attachment_627153\" style=\"width: 470px\" class=\"wp-caption aligncenter\"><a href=\"https:\/\/www.diarioimagen.net\/?attachment_id=627153\" rel=\"attachment wp-att-627153\"><img loading=\"lazy\" decoding=\"async\" aria-describedby=\"caption-attachment-627153\" class=\"size-full wp-image-627153\" src=\"https:\/\/www.diarioimagen.net\/wp-content\/uploads\/2024\/07\/issemym.jpg\" alt=\"\" width=\"460\" height=\"270\" srcset=\"https:\/\/www.diarioimagen.net\/wp-content\/uploads\/2024\/07\/issemym.jpg 460w, https:\/\/www.diarioimagen.net\/wp-content\/uploads\/2024\/07\/issemym-240x141.jpg 240w\" sizes=\"auto, (max-width: 460px) 100vw, 460px\" \/><\/a><p id=\"caption-attachment-627153\" class=\"wp-caption-text\">Se recomienda lavar bien frutas y verduras antes de consumirlas y refrigerar correctamente los alimentos; adem\u00e1s, se debe vigilar la higiene en los establecimientos a donde se acuda a tomar alimentos.<\/p><\/div>\n<p>&nbsp;<\/p>\n<p><strong>Toluca, Estado de M\u00e9xico.\u2014<\/strong> Durante las vacaciones de verano es com\u00fan que se modifiquen ciertos h\u00e1bitos alimenticios, derivando en enfermedades gastrointestinales; de ah\u00ed la importancia de cuidar la salud familiar, se\u00f1al\u00f3 Karen Anah\u00ed Vidal Sevilla, m\u00e9dica de la Cl\u00ednica de Consulta Externa \u201cAlfredo Del Mazo V\u00e9lez\u201d del Instituto de Seguridad Social del Estado de M\u00e9xico y Municipios (ISSEMyM).<\/p>\n<p>Indic\u00f3 que, para mantener rutinas saludables sin dejar de disfrutar del descanso, se recomienda tomar abundantes l\u00edquidos (agua simple), disminuir la cantidad de refrescos, alcohol o bebidas azucaradas, as\u00ed como reducir la ingesta de carnes rojas, comer en horarios espec\u00edficos y tener actividad f\u00edsica.<\/p>\n<p>De igual manera lavar bien frutas y verduras antes de consumirlas y refrigerar correctamente los alimentos; adem\u00e1s, se debe vigilar la higiene en los establecimientos a donde se acuda a tomar alimentos. La especialista recomienda a las familias que salgan de viaje llevar un botiqu\u00edn, integrado por analg\u00e9sicos, antidiarreicos, antihistam\u00ednicos.<\/p>\n<p>Vidal Sevilla explic\u00f3 que, de igual forma, durante esta \u00e9poca, es com\u00fan ver en consulta a pacientes con infecciones respiratorias agudas, debido a los cambios bruscos de la temperatura; por lo que lo ideal es usar cubrebocas.<\/p>\n<p>La m\u00e9dica del ISSEMYM dijo que las ni\u00f1as y ni\u00f1os deben estar siempre bajo supervisi\u00f3n de alguna persona adulta, as\u00ed como tener cuidado de los adultos mayores, quienes tambi\u00e9n tienden a sufrir de infecciones diarreicas e infecciones respiratorias.<\/p>\n<p>Detall\u00f3 que ambos grupos presentan mayor incidencia de problemas en la piel, como quemaduras por el sol; recomend\u00f3 usar bloqueador solar y evitar su exposici\u00f3n prolongada al sol.<\/p>\n","protected":false},"excerpt":{"rendered":"<p>Durante las vacaciones de verano es com\u00fan que se modifiquen ciertos h\u00e1bitos alimenticios, derivando en enfermedades gastrointestinales; de ah\u00ed la importancia de cuidar la salud familiar, se\u00f1al\u00f3 Karen Anah\u00ed Vidal Sevilla, m\u00e9dica de la Cl\u00ednica de Consulta Externa \u201cAlfredo Del Mazo V\u00e9lez\u201d del Instituto de Seguridad Social del Estado de M\u00e9xico y Municipios (ISSEMyM).<\/p>\n","protected":false},"author":3,"featured_media":627153,"comment_status":"open","ping_status":"open","sticky":false,"template":"","format":"standard","meta":{"_monsterinsights_skip_tracking":false,"_monsterinsights_sitenote_active":false,"_monsterinsights_sitenote_note":"","_monsterinsights_sitenote_category":0,"footnotes":""},"categories":[18863,99730],"tags":[43675,100386,72146,699,43692,452],"class_list":["post-627036","post","type-post","status-publish","format-standard","has-post-thumbnail","hentry","category-salud-edomex","category-edomex","tag-estado-de-mexico","tag-extremar","tag-gastrointestinales","tag-issemym","tag-salud","tag-toluca"],"_links":{"self":[{"href":"https:\/\/www.diarioimagen.net\/index.php?rest_route=\/wp\/v2\/posts\/627036","targetHints":{"allow":["GET"]}}],"collection":[{"href":"https:\/\/www.diarioimagen.net\/index.php?rest_route=\/wp\/v2\/posts"}],"about":[{"href":"https:\/\/www.diarioimagen.net\/index.php?rest_route=\/wp\/v2\/types\/post"}],"author":[{"embeddable":true,"href":"https:\/\/www.diarioimagen.net\/index.php?rest_route=\/wp\/v2\/users\/3"}],"replies":[{"embeddable":true,"href":"https:\/\/www.diarioimagen.net\/index.php?rest_route=%2Fwp%2Fv2%2Fcomments&post=627036"}],"version-history":[{"count":0,"href":"https:\/\/www.diarioimagen.net\/index.php?rest_route=\/wp\/v2\/posts\/627036\/revisions"}],"wp:featuredmedia":[{"embeddable":true,"href":"https:\/\/www.diarioimagen.net\/index.php?rest_route=\/wp\/v2\/media\/627153"}],"wp:attachment":[{"href":"https:\/\/www.diarioimagen.net\/index.php?rest_route=%2Fwp%2Fv2%2Fmedia&parent=627036"}],"wp:term":[{"taxonomy":"category","embeddable":true,"href":"https:\/\/www.diarioimagen.net\/index.php?rest_route=%2Fwp%2Fv2%2Fcategories&post=627036"},{"taxonomy":"post_tag","embeddable":true,"href":"https:\/\/www.diarioimagen.net\/index.php?rest_route=%2Fwp%2Fv2%2Ftags&post=627036"}],"curies":[{"name":"wp","href":"https:\/\/api.w.org\/{rel}","templated":true}]}}