{"id":627042,"date":"2024-07-23T00:01:43","date_gmt":"2024-07-23T06:01:43","guid":{"rendered":"https:\/\/www.diarioimagen.net\/?p=627042"},"modified":"2024-07-23T02:22:36","modified_gmt":"2024-07-23T08:22:36","slug":"confirma-tribunal-electoral-triunfo-de-claudia-sanchez-juarez-como-diputada-federal","status":"publish","type":"post","link":"https:\/\/www.diarioimagen.net\/?p=627042","title":{"rendered":"Confirma Tribunal Electoral triunfo de Claudia S\u00e1nchez Ju\u00e1rez como diputada federal"},"content":{"rendered":"<p>&nbsp;<\/p>\n<ul>\n<li><strong><em>Impugnaci\u00f3n de Josefina V\u00e1zquez Mota<\/em><\/strong><\/li>\n<\/ul>\n<p>&nbsp;<\/p>\n<div id=\"attachment_627147\" style=\"width: 470px\" class=\"wp-caption aligncenter\"><a href=\"https:\/\/www.diarioimagen.net\/?attachment_id=627147\" rel=\"attachment wp-att-627147\"><img loading=\"lazy\" decoding=\"async\" aria-describedby=\"caption-attachment-627147\" class=\"size-full wp-image-627147\" src=\"https:\/\/www.diarioimagen.net\/wp-content\/uploads\/2024\/07\/confirma-tribunal-electoral.jpg\" alt=\"\" width=\"460\" height=\"270\" srcset=\"https:\/\/www.diarioimagen.net\/wp-content\/uploads\/2024\/07\/confirma-tribunal-electoral.jpg 460w, https:\/\/www.diarioimagen.net\/wp-content\/uploads\/2024\/07\/confirma-tribunal-electoral-240x141.jpg 240w\" sizes=\"auto, (max-width: 460px) 100vw, 460px\" \/><\/a><p id=\"caption-attachment-627147\" class=\"wp-caption-text\">El Tribunal Electoral ratific\u00f3 el triunfo de Claudia S\u00e1nchez Ju\u00e1rez como diputada federal electa sobre la candidata de la Alianza PAN-PRI-PRD, Josefina V\u00e1zquez Mota.<\/p><\/div>\n<p>&nbsp;<\/p>\n<p><strong>Valle de M\u00e9xico.\u2014<\/strong> La Sala Regional Electoral de Toluca ratific\u00f3 el triunfo de Claudia S\u00e1nchez Ju\u00e1rez como diputada federal electa sobre la candidata de la Alianza PAN-PRI-PRD Josefina V\u00e1zquez Mota.<\/p>\n<p>En sentencia dictada por el presidente de la Sala Regional, Magistrado Alejandro David Avante Ju\u00e1rez, se determin\u00f3 que el computo de la elecci\u00f3n se modific\u00f3 en s\u00f3lo 200 votos a favor de la ex candidata Presidencial, por lo tanto se mantuvo el resultado.<\/p>\n<p>Para modificar el resultado de una elecci\u00f3n, el tribunal utiliza el criterio de \u201cdeterminaci\u00f3n\u201d el cual significa que si las pruebas comprobables no son suficientes para cambiar el resultado de la elecci\u00f3n o declarar su nulidad, el recurso de inconformidad o \u201cimpugnaci\u00f3n\u201d se desecha.<\/p>\n<p>El total de casillas impugnadas por la alianza PAN-PRI-PRD fue de 480 casillas, lo cual representa el 86% de la elecci\u00f3n; Los motivos presentados para impugnar dichas casillas fueron: Indebida integraci\u00f3n en casillas, error en el c\u00f3mputo, presi\u00f3n y violencia, votar sin credencial de elector, as\u00ed como la nulidad de la elecci\u00f3n por violaci\u00f3n a principios constitucionales e intervenci\u00f3n del titular del Ejecutivo Federal.<\/p>\n<p>Dichas acusaciones fueron desestimadas por el equipo t\u00e9cnico, sobre lo cual el Magistrado presidente destac\u00f3: \u201cLa mayor\u00eda de las casillas est\u00e1n impugnadas por indebida integraci\u00f3n de Mesas Directivas\u2026 ciertamente nuestros equipos hicieron un esfuerzo importante en algunos casos cuando era identificable alg\u00fan nombre\u2026 y a lo que se lleg\u00f3 es que en muchos casos aparec\u00eda el nombre en la lista nominal\u201d<\/p>\n<p>En anteriores declaraciones, la diputada federal electa Claudia S\u00e1nchez Ju\u00e1rez lleg\u00f3 a expresar \u201cGanamos a Josefina V\u00e1zquez Mota en las casillas y le volveremos a ganar en los tribunales, la raz\u00f3n nos asiste\u201d.<\/p>\n","protected":false},"excerpt":{"rendered":"<p>La Sala Regional Electoral de Toluca ratific\u00f3 el triunfo de Claudia S\u00e1nchez Ju\u00e1rez como diputada federal electa sobre la candidata de la Alianza PAN-PRI-PRD Josefina V\u00e1zquez Mota.<\/p>\n","protected":false},"author":3,"featured_media":627147,"comment_status":"open","ping_status":"open","sticky":false,"template":"","format":"standard","meta":{"_monsterinsights_skip_tracking":false,"_monsterinsights_sitenote_active":false,"_monsterinsights_sitenote_note":"","_monsterinsights_sitenote_category":0,"footnotes":""},"categories":[5],"tags":[1666,34],"class_list":["post-627042","post","type-post","status-publish","format-standard","has-post-thumbnail","hentry","category-estado-de-mexico","tag-tribunal-electoral","tag-valle-de-mexico"],"_links":{"self":[{"href":"https:\/\/www.diarioimagen.net\/index.php?rest_route=\/wp\/v2\/posts\/627042","targetHints":{"allow":["GET"]}}],"collection":[{"href":"https:\/\/www.diarioimagen.net\/index.php?rest_route=\/wp\/v2\/posts"}],"about":[{"href":"https:\/\/www.diarioimagen.net\/index.php?rest_route=\/wp\/v2\/types\/post"}],"author":[{"embeddable":true,"href":"https:\/\/www.diarioimagen.net\/index.php?rest_route=\/wp\/v2\/users\/3"}],"replies":[{"embeddable":true,"href":"https:\/\/www.diarioimagen.net\/index.php?rest_route=%2Fwp%2Fv2%2Fcomments&post=627042"}],"version-history":[{"count":0,"href":"https:\/\/www.diarioimagen.net\/index.php?rest_route=\/wp\/v2\/posts\/627042\/revisions"}],"wp:featuredmedia":[{"embeddable":true,"href":"https:\/\/www.diarioimagen.net\/index.php?rest_route=\/wp\/v2\/media\/627147"}],"wp:attachment":[{"href":"https:\/\/www.diarioimagen.net\/index.php?rest_route=%2Fwp%2Fv2%2Fmedia&parent=627042"}],"wp:term":[{"taxonomy":"category","embeddable":true,"href":"https:\/\/www.diarioimagen.net\/index.php?rest_route=%2Fwp%2Fv2%2Fcategories&post=627042"},{"taxonomy":"post_tag","embeddable":true,"href":"https:\/\/www.diarioimagen.net\/index.php?rest_route=%2Fwp%2Fv2%2Ftags&post=627042"}],"curies":[{"name":"wp","href":"https:\/\/api.w.org\/{rel}","templated":true}]}}