{"id":627066,"date":"2024-07-23T00:00:31","date_gmt":"2024-07-23T06:00:31","guid":{"rendered":"https:\/\/www.diarioimagen.net\/?p=627066"},"modified":"2024-07-23T01:11:48","modified_gmt":"2024-07-23T07:11:48","slug":"me-confiesa-carlos-ahumada","status":"publish","type":"post","link":"https:\/\/www.diarioimagen.net\/?p=627066","title":{"rendered":"Me confiesa Carlos Ahumada"},"content":{"rendered":"<h2>Los Pozos de Carlos Pozos<\/h2>\n<h5>Carlos Pozos<br \/>\n[ <em>Lord Mol\u00e9cula<\/em> ]<\/h5>\n<p>&nbsp;<\/p>\n<p>\u201cA temblar los que se sienten dizque honrados y puritanos, ah\u00ed les viene <strong>Carlos Ahumada<\/strong>, aquellos que en su doctrina seguida por su bola de arrastrados lamesuelas hueleanos barberos rodillas peladas and huele flatulencias y est\u00fapidos, se sienten los bendecidos por los hermanos Brisman, les han de estar temblando los calzones\u2026 jajajayyyy&#8230;.!!!!!!!!\u201d<\/p>\n<p>Lo que ustedes lectores acaban de leer en los seis renglones de arriba, son un peque\u00f1o \u201cbot\u00f3n\u201d de la redacci\u00f3n e imparcialidad de un periodista que era empleado y colaborador de <strong>Nino Can\u00fan<\/strong>, que con estos calificativos trata de insultar a quienes simpatizan con la 4T, ahora que el empresario mexicano-argentino <strong>Carlos Ahumada Kurtz<\/strong>, el pasado martes 17 del mes en curso, lleg\u00f3 a la Ciudad de M\u00e9xico, extraditado desde Argentina para enfrentar a la justicia ante la Fiscal\u00eda, donde tiene una pena pendiente por fraude, que se desprende de cuando fue contratista de obras para el entonces Distrito Federal.<\/p>\n<p>En una confesi\u00f3n<strong> C. Ahumada Kurtz <\/strong>hace un reconocimiento a los periodistas, que ustedes deben de identificar perfectamente y ellos son: <strong>Luis Gonz\u00e1lez de Alba<\/strong>, <strong>Carlos Mar\u00edn<\/strong>, <strong>Nino Can\u00fan<\/strong>, <strong>Ra\u00fal S\u00e1nchez Carrillo<\/strong>, <strong>Manuel Feregrino; Carlos Ramos Padilla<\/strong>, <strong>Ciro G\u00f3mez Leyva<\/strong>, <strong>Pablo Hiriart<\/strong>, <strong>Ricardo Pascoe<\/strong>, <strong>Jorge Fern\u00e1ndez Men\u00e9ndez<\/strong>, <strong>Carlos Ram\u00edrez<\/strong>, <strong>Ricardo Alem\u00e1n<\/strong>, <strong>Adela Micha<\/strong>, <strong>Leopoldo Mend\u00edvil<\/strong>, <strong>\u00d3scar Mario Beteta<\/strong>, <strong>Carlos Salom\u00f3n C\u00e1mara<\/strong>, <strong>Guadalupe Rinc\u00f3n y Carlos Alazraki<\/strong>. Todos ellos por realizar las preguntas que quer\u00edan.<\/p>\n<p>Pero tambi\u00e9n me revel\u00f3 que no les agradeci\u00f3 porque no le quisieron preguntarle y acudir a una invitaci\u00f3n realizada y no respondieron y mantuvieron una sana distancia, son otros periodistas que ustedes tambi\u00e9n conocen y ubica perfectamente y ellos son: <strong>Julio Hern\u00e1ndez<\/strong> \u2013Astillero\u2013, <strong>Carmen Lira<\/strong>, <em>La Jornada<\/em>; <strong>Miguel \u00c1ngel V\u00e1zquez <\/strong>\u2013<em>El pat\u00e1n<\/em>\u2013, <strong>Jos\u00e9 Guti\u00e9rrez Viv\u00f3 (<\/strong>Monitor<strong>)<\/strong> y <strong>Miguel Badillo (<\/strong>ContraL\u00ednea<strong>)<\/strong>, entre otros.<\/p>\n<p>Al responderme a mis dudas e interrogantes, el CEO de Grupo Quart, ex propietario del peri\u00f3dico <em>El Independiente<\/em> y due\u00f1o del equipo de futbol Le\u00f3n de primera divisi\u00f3n y Santos, me dice: que en esos tiempos, para <strong>Raymundo Riva Palacio<\/strong>, el sue\u00f1o de su vida siempre fue tener su propio peri\u00f3dico, fantas\u00eda que era conocida por todos los que lo rodeaban. Y quiso quedarse con <em>El Independiente, <\/em>que naci\u00f3 el 3 de junio de 2003, con <strong>Javier Sol\u00f3rzano Zinser<\/strong>, como director general, y <strong>Raymundo<\/strong>, como director editorial, que busc\u00f3 apropiarse de las instalaciones y apoderarse del diario.<\/p>\n<p>Sobre los videoesc\u00e1ndalos, que todo el mundo se pregunta que m\u00e1s videos tiene y si hab\u00eda sido un complot en contra del ahora <strong>Presidente de M\u00e9xico<\/strong>, <strong>Andr\u00e9s Manuel L\u00f3pez Obrador<\/strong>, <strong>Carlos Ahumada<\/strong> me revela que en el pa\u00eds, hace 15 a\u00f1os m\u00e1s o menos, \u201ctodos los d\u00edas si hablaba, si hab\u00eda sido un complot, si hab\u00eda participado <strong>Carlos Salinas<\/strong>, s\u00ed en \u00e9l estaba el presidente <strong>Vicente Fox<\/strong>, <strong>Santiago Creel<\/strong>, <strong>Diego Fern\u00e1ndez de Ceballos<\/strong>\u201d.<\/p>\n<p>Contundente, <strong>Carlos Ahumada<\/strong> acepta: \u00a1S\u00ed, s\u00ed estuvieron todos ellos, hoy lo puedo decir, s\u00ed estuvieron todos ellos!<\/p>\n<p>Todav\u00eda a dos meses y d\u00edas de que termine la actual administraci\u00f3n del <strong>Jefe de la Naci\u00f3n<\/strong>, <strong>Andr\u00e9s Manuel L\u00f3pez Obrador<\/strong>, con la estancia de <strong>Carlos Ahumada Kurtz<\/strong>, muchos se contin\u00faan preguntando \u00bfsi grab\u00f3 al Jefe de la Naci\u00f3n? Y saben que me dijo el argentino-mexicano, que grab\u00f3 a <strong>Carlos Imaz<\/strong>, <strong>Armando Quintero<\/strong>, <strong>F\u00e1tima Mena<\/strong>, <strong>Leticia Robles<\/strong>, <strong>Higinio Mart\u00ednez<\/strong>, <strong>Horacio Duarte<\/strong>, <strong>Jaime Espejel<\/strong>, <strong>Gabino Cue<\/strong>, <strong>Francisco Mart\u00ednez Rojo<\/strong>, <strong>Jos\u00e9 Antonio Preciado<\/strong> y <strong>Luis S\u00e1nchez<\/strong>.<\/p>\n<p>Ag\u00e1rrense de donde puedan, tambi\u00e9n me dijo: \u00a1S\u00e9 que muchos se sentir\u00e1n decepcionados, pero debo decir que no est\u00e1n grabados ni <strong>Alejandro Encinas<\/strong>, ni <strong>Marcelo Ebrard<\/strong>, ni <strong>Andr\u00e9s Manuel L\u00f3pez Obrador<\/strong>!<\/p>\n<p>Otra importante declaraci\u00f3n que me hace <strong>Ahumada<\/strong> es que los videoesc\u00e1ndalos salieron tan mal y con tan malos resultados para \u00e9l, lo que deber\u00eda haber sido una bomba para acabar con el \u201cmes\u00edas\u201d, en su opini\u00f3n los resultados, lo deben de explicar los medios de comunicaci\u00f3n porque no profundizaron los hechos exhibidos por los videos.<\/p>\n<p>Considera que los medios de comunicaci\u00f3n siempre act\u00faan a sus propios intereses y eso muchas veces les impide informar con objetividad y veracidad, Ah\u00ed radica la clave fundamental para entender por qu\u00e9 no funcion\u00f3 la \u201cbomba\u201d que no dejar\u00eda ni polvo del \u201cmes\u00edas\u201d.<\/p>\n<p>De manera interesada, los medios no quisieron ver lo evidente, seg\u00fan <strong>Carlos Ahumada<\/strong> y de acuerdo a su visi\u00f3n muchos medios de comunicaci\u00f3n fallaron en su cobertura; por obra o por omisi\u00f3n, pero finalmente fallaron, atentos s\u00f3lo a sus propios intereses.<\/p>\n<p>A amigas y amigos lectores si ustedes quieren que <strong>Carlos Ahumada Kurtz<\/strong> les diga a ustedes estas y otras revelaciones y declaraciones, tendr\u00e1n que leer las 375 p\u00e1ginas de libro de t\u00edtulo Derecho de R\u00e9plica, revelaciones de la m\u00e1s grande pantalla pol\u00edtica en M\u00e9xico, escrito por el empresario argentino-mexicano, en el a\u00f1o del 2009, y puesto al p\u00fablico por la editorial Grijalbo\u2026 Y hasta aqu\u00ed con Los Pozos de Carlos Pozos. Y si desean que le haga su pregunta al Presidente de M\u00e9xico en la conferencia de prensa \u201cma\u00f1anera\u201d, por favor h\u00e1ganmela llegar al correo: <a href=\"mailto:lordmolecularedaccion@gmail.com\" target=\"_blank\" rel=\"noopener\"><em>lordmolecularedaccion@gmail.com<\/em><\/a>, v\u00eda <em>X<\/em> a: <a href=\"https:\/\/twitter.com\/lordmolecula?ref_src=twsrc%5Egoogle%7Ctwcamp%5Eserp%7Ctwgr%5Eauthor\" target=\"_blank\" rel=\"noopener\"><em>@lordmoleculaoficial<\/em><\/a>, o bien, visiten nuestro portal <em><a href=\"https:\/\/www.lordmoleculaoficial.com\/\" target=\"_blank\" rel=\"noopener\">https:\/\/www.lordmoleculaoficial.com<\/a><\/em>, as\u00ed como tambi\u00e9n pueden ver mi Canal <a href=\"https:\/\/www.youtube.com\/channel\/UC0WxwnD6D67eYwmmRWQnOEg\" target=\"_blank\" rel=\"noopener\"><em>Lord Mol\u00e9cula Oficial<\/em><\/a>.<\/p>\n","protected":false},"excerpt":{"rendered":"<p><span style=\"color: #005497;\"><strong>Carlos Pozos<\/strong><\/span><\/p>\n","protected":false},"author":3,"featured_media":0,"comment_status":"open","ping_status":"open","sticky":false,"template":"","format":"standard","meta":{"_monsterinsights_skip_tracking":false,"_monsterinsights_sitenote_active":false,"_monsterinsights_sitenote_note":"","_monsterinsights_sitenote_category":0,"footnotes":""},"categories":[97814],"tags":[97816,97815,43674],"class_list":["post-627066","post","type-post","status-publish","format-standard","hentry","category-carlos-pozos","tag-carlos-pozos","tag-los-pozos-de-carlos-pozos","tag-opinion"],"_links":{"self":[{"href":"https:\/\/www.diarioimagen.net\/index.php?rest_route=\/wp\/v2\/posts\/627066","targetHints":{"allow":["GET"]}}],"collection":[{"href":"https:\/\/www.diarioimagen.net\/index.php?rest_route=\/wp\/v2\/posts"}],"about":[{"href":"https:\/\/www.diarioimagen.net\/index.php?rest_route=\/wp\/v2\/types\/post"}],"author":[{"embeddable":true,"href":"https:\/\/www.diarioimagen.net\/index.php?rest_route=\/wp\/v2\/users\/3"}],"replies":[{"embeddable":true,"href":"https:\/\/www.diarioimagen.net\/index.php?rest_route=%2Fwp%2Fv2%2Fcomments&post=627066"}],"version-history":[{"count":0,"href":"https:\/\/www.diarioimagen.net\/index.php?rest_route=\/wp\/v2\/posts\/627066\/revisions"}],"wp:attachment":[{"href":"https:\/\/www.diarioimagen.net\/index.php?rest_route=%2Fwp%2Fv2%2Fmedia&parent=627066"}],"wp:term":[{"taxonomy":"category","embeddable":true,"href":"https:\/\/www.diarioimagen.net\/index.php?rest_route=%2Fwp%2Fv2%2Fcategories&post=627066"},{"taxonomy":"post_tag","embeddable":true,"href":"https:\/\/www.diarioimagen.net\/index.php?rest_route=%2Fwp%2Fv2%2Ftags&post=627066"}],"curies":[{"name":"wp","href":"https:\/\/api.w.org\/{rel}","templated":true}]}}