{"id":627181,"date":"2024-07-24T00:08:34","date_gmt":"2024-07-24T06:08:34","guid":{"rendered":"https:\/\/www.diarioimagen.net\/?p=627181"},"modified":"2024-07-24T22:59:09","modified_gmt":"2024-07-25T04:59:09","slug":"calidad-de-maestria-en-gestion-y-politicas-metropolitanas-de-zumpango-de-la-uaemex-es-reconocida-por-conahcyt","status":"publish","type":"post","link":"https:\/\/www.diarioimagen.net\/?p=627181","title":{"rendered":"Calidad de Maestr\u00eda en Gesti\u00f3n y Pol\u00edticas Metropolitanas de Zumpango de la UAEM\u00e9x es reconocida por Conahcyt"},"content":{"rendered":"<p>&nbsp;<\/p>\n<div id=\"attachment_627227\" style=\"width: 470px\" class=\"wp-caption aligncenter\"><a href=\"https:\/\/www.diarioimagen.net\/?attachment_id=627227\" rel=\"attachment wp-att-627227\"><img loading=\"lazy\" decoding=\"async\" aria-describedby=\"caption-attachment-627227\" class=\"size-full wp-image-627227\" src=\"https:\/\/www.diarioimagen.net\/wp-content\/uploads\/2024\/07\/uaem-calidad.jpg\" alt=\"\" width=\"460\" height=\"270\" srcset=\"https:\/\/www.diarioimagen.net\/wp-content\/uploads\/2024\/07\/uaem-calidad.jpg 460w, https:\/\/www.diarioimagen.net\/wp-content\/uploads\/2024\/07\/uaem-calidad-240x141.jpg 240w\" sizes=\"auto, (max-width: 460px) 100vw, 460px\" \/><\/a><p id=\"caption-attachment-627227\" class=\"wp-caption-text\">Tiene como prop\u00f3sito formar profesionistas altamente especializados, capaces de analizar y resolver problemas urbanos regionales.<\/p><\/div>\n<p>&nbsp;<\/p>\n<p><strong>Zumpango, Estado de M\u00e9xico.<\/strong>\u2014 El Centro Universitario Zumpango de la Universidad Aut\u00f3noma del Estado de M\u00e9xico (UAEM\u00e9x) ofrece la Maestr\u00eda en Gesti\u00f3n y Pol\u00edticas Metropolitanas, que tiene como prop\u00f3sito formar profesionistas altamente especializados, capaces de analizar y resolver problemas urbanos regionales, as\u00ed como coadyuvar en la aplicaci\u00f3n y transferencia del conocimiento en la nueva gobernanza p\u00fablica local y en pol\u00edticas metropolitanas y regionales.<\/p>\n<p>Al respecto, Jos\u00e9 Juan S\u00e1nchez Gonz\u00e1lez, catedr\u00e1tico e investigador de este campus de la Aut\u00f3noma mexiquense y coordinador de dicho programa de posgrado, indic\u00f3 que \u00e9ste inici\u00f3 con el antecedente de la Maestr\u00eda en Gobierno y Asuntos P\u00fablicos y va por su tercera promoci\u00f3n.<\/p>\n<p>En la primera promoci\u00f3n, dijo, tuvimos cinco alumnos que concluyen el pr\u00f3ximo mes de agosto y en la segunda, que inici\u00f3 el a\u00f1o pasado, estudian siete alumnos. Para la tercera promoci\u00f3n tenemos 10 candidatos, a quienes hay que entrevistar y luego revisar sus documentos.<\/p>\n<p>El tambi\u00e9n catedr\u00e1tico de la UNAM y autor de 22 libros sostuvo que la Maestr\u00eda est\u00e1 compuesta por dos cuerpos acad\u00e9micos, uno que tiene que ver con sociolog\u00eda y el otro con ciencias pol\u00edticas y administraci\u00f3n p\u00fablica. En tanto, las l\u00edneas de investigaci\u00f3n del programa son nueva gobernanza p\u00fablica local y, por supuesto, pol\u00edticas metropolitanas y regionales.<\/p>\n<p>S\u00e1nchez Gonz\u00e1lez refiri\u00f3 que el cuerpo acad\u00e9mico de esta maestr\u00eda, que es de corte profesionalizante, est\u00e1 conformado por ocho miembros del Sistema Nacional de Investigadoras e Investigadores: tres de sociolog\u00eda, tres de administraci\u00f3n p\u00fablica y dos del \u00e1rea de administraci\u00f3n. Adicionalmente, se cuenta con el apoyo de acad\u00e9micos de los centros universitarios Amecameca y Texcoco.<\/p>\n<p>Detall\u00f3 que estudian este programa de alta calidad acad\u00e9mica y \u00fanico en la regi\u00f3n, servidores p\u00fablicos, egresado y profesores del Centro Universitario Zumpango; est\u00e1 reconocido en el Sistema Nacional de Posgrados, por lo que sus alumnos pueden aplicar por una beca del Consejo Nacional de Humanidades, Ciencias y Tecnolog\u00edas (Conahcyt).<\/p>\n<p>Consider\u00f3 que los estudiantes y egresados de la Maestr\u00eda en Gesti\u00f3n y Pol\u00edticas Metropolitanas tendr\u00e1n un impacto favorable en la regi\u00f3n, pues pueden incidir en temas de inter\u00e9s nacional como el Aeropuerto Internacional Felipe \u00c1ngeles, con el reordenamiento de la zona, la urbanidad y todo el proceso metropolitano, las implicaciones en servicios p\u00fablicos como el agua y la seguridad.<\/p>\n<p>La UAEM\u00e9x, puntualiz\u00f3 Jos\u00e9 Juan S\u00e1nchez Gonz\u00e1lez, ofrece la Maestr\u00eda en Gesti\u00f3n y Pol\u00edticas Metropolitanas antes de que el AIFA se inaugurara, as\u00ed que nos adelantamos un poco en la identificaci\u00f3n de su impacto en todos los municipios de la regi\u00f3n.<\/p>\n","protected":false},"excerpt":{"rendered":"<p>El Centro Universitario Zumpango de la Universidad Aut\u00f3noma del Estado de M\u00e9xico (UAEM\u00e9x) ofrece la Maestr\u00eda en Gesti\u00f3n y Pol\u00edticas Metropolitanas, que tiene como prop\u00f3sito formar profesionistas altamente especializados, capaces de analizar y resolver problemas urbanos regionales, as\u00ed como coadyuvar en la aplicaci\u00f3n y transferencia del conocimiento en la nueva gobernanza p\u00fablica local y en pol\u00edticas metropolitanas y regionales.<\/p>\n","protected":false},"author":3,"featured_media":627227,"comment_status":"open","ping_status":"open","sticky":false,"template":"","format":"standard","meta":{"_monsterinsights_skip_tracking":false,"_monsterinsights_sitenote_active":false,"_monsterinsights_sitenote_note":"","_monsterinsights_sitenote_category":0,"footnotes":""},"categories":[5],"tags":[95427,67878],"class_list":["post-627181","post","type-post","status-publish","format-standard","has-post-thumbnail","hentry","category-estado-de-mexico","tag-reconocida","tag-uaemex"],"_links":{"self":[{"href":"https:\/\/www.diarioimagen.net\/index.php?rest_route=\/wp\/v2\/posts\/627181","targetHints":{"allow":["GET"]}}],"collection":[{"href":"https:\/\/www.diarioimagen.net\/index.php?rest_route=\/wp\/v2\/posts"}],"about":[{"href":"https:\/\/www.diarioimagen.net\/index.php?rest_route=\/wp\/v2\/types\/post"}],"author":[{"embeddable":true,"href":"https:\/\/www.diarioimagen.net\/index.php?rest_route=\/wp\/v2\/users\/3"}],"replies":[{"embeddable":true,"href":"https:\/\/www.diarioimagen.net\/index.php?rest_route=%2Fwp%2Fv2%2Fcomments&post=627181"}],"version-history":[{"count":0,"href":"https:\/\/www.diarioimagen.net\/index.php?rest_route=\/wp\/v2\/posts\/627181\/revisions"}],"wp:featuredmedia":[{"embeddable":true,"href":"https:\/\/www.diarioimagen.net\/index.php?rest_route=\/wp\/v2\/media\/627227"}],"wp:attachment":[{"href":"https:\/\/www.diarioimagen.net\/index.php?rest_route=%2Fwp%2Fv2%2Fmedia&parent=627181"}],"wp:term":[{"taxonomy":"category","embeddable":true,"href":"https:\/\/www.diarioimagen.net\/index.php?rest_route=%2Fwp%2Fv2%2Fcategories&post=627181"},{"taxonomy":"post_tag","embeddable":true,"href":"https:\/\/www.diarioimagen.net\/index.php?rest_route=%2Fwp%2Fv2%2Ftags&post=627181"}],"curies":[{"name":"wp","href":"https:\/\/api.w.org\/{rel}","templated":true}]}}