{"id":627194,"date":"2024-07-24T00:07:46","date_gmt":"2024-07-24T06:07:46","guid":{"rendered":"https:\/\/www.diarioimagen.net\/?p=627194"},"modified":"2024-07-24T22:56:25","modified_gmt":"2024-07-25T04:56:25","slug":"talleres-para-fortalecer-la-salud-emocional-de-la-comunidad-escolar","status":"publish","type":"post","link":"https:\/\/www.diarioimagen.net\/?p=627194","title":{"rendered":"Talleres para fortalecer la salud emocional de la comunidad escolar"},"content":{"rendered":"<p>&nbsp;<\/p>\n<h2 style=\"text-align: center;\">\u201cSanando desde el aula\u201d<\/h2>\n<p>&nbsp;<\/p>\n<ul>\n<li><strong><em>Participan 45 servidoras p\u00fablicas del Colegio de Estudios Cient\u00edficos y Tecnol\u00f3gicos del Estado de M\u00e9xico<\/em><\/strong><\/li>\n<\/ul>\n<p><strong>\u00a0<\/strong><\/p>\n<div id=\"attachment_627273\" style=\"width: 470px\" class=\"wp-caption aligncenter\"><a href=\"https:\/\/www.diarioimagen.net\/?attachment_id=627273\" rel=\"attachment wp-att-627273\"><img loading=\"lazy\" decoding=\"async\" aria-describedby=\"caption-attachment-627273\" class=\"size-full wp-image-627273\" src=\"https:\/\/www.diarioimagen.net\/wp-content\/uploads\/2024\/07\/talleres-para-fortalecer.jpg\" alt=\"\" width=\"460\" height=\"270\" srcset=\"https:\/\/www.diarioimagen.net\/wp-content\/uploads\/2024\/07\/talleres-para-fortalecer.jpg 460w, https:\/\/www.diarioimagen.net\/wp-content\/uploads\/2024\/07\/talleres-para-fortalecer-240x141.jpg 240w\" sizes=\"auto, (max-width: 460px) 100vw, 460px\" \/><\/a><p id=\"caption-attachment-627273\" class=\"wp-caption-text\">Se llev\u00f3 a cabo el taller grupal \u201cSanar para ense\u00f1ar\u201d, en consonancia con los principios de la Nueva Escuela Mexicana, para fortalecer la salud emocional de las comunidades escolares.<\/p><\/div>\n<p>&nbsp;<\/p>\n<p><strong>San Mateo Atenco,\u00a0 Estado de M\u00e9xico.\u2014<\/strong> Con la participaci\u00f3n de 45 servidoras p\u00fablicas del Colegio de Estudios Cient\u00edficos y Tecnol\u00f3gicos del Estado de M\u00e9xico (Cecytem), se llev\u00f3 a cabo el taller grupal \u201cSanar para ense\u00f1ar\u201d, impulsado por el gobierno de la Maestra Delfina G\u00f3mez \u00c1lvarez, en consonancia con los principios de la Nueva Escuela Mexicana (NEM), para fortalecer la salud emocional de las comunidades escolares como un pilar fundamental de la ense\u00f1anza.<\/p>\n<p>Dicho taller se dise\u00f1\u00f3 como un espacio para el conocimiento, la sensibilizaci\u00f3n, la psico- educaci\u00f3n y la descarga emocional, dirigido a los trabajadores de la educaci\u00f3n que enfrentan situaciones de duelo, coment\u00f3 Laura L\u00f3pez V\u00e1zquez, responsable del programa \u201cSanando desde el aula\u201d de la Secretar\u00eda de Educaci\u00f3n, Ciencia, Tecnolog\u00eda e Innovaci\u00f3n (Secti) que dirige Miguel \u00c1ngel Hern\u00e1ndez Espejel.<\/p>\n<p>En las instalaciones de Ciudad Mujeres de San Mateo Atenco, la funcionaria se\u00f1al\u00f3 la importancia de ver al docente como un ser humano capaz de compartir experiencias relacionadas con el duelo en el contexto escolar, \u201ces urgente fomentar una cultura del duelo dentro del \u00e1mbito educativo\u201d. Adem\u00e1s, destaco que la SECTI se ha convertido en pionera en este tema. Las servidoras p\u00fablicas que participaron en el taller expresaron sentirse m\u00e1s aliviadas despu\u00e9s de las actividades realizadas. Reconocieron la importancia de sanar cualquier tipo de duelo y recomendaron a aquellas personas en situaciones similares que participen en talleres y programas dirigidos a la sanaci\u00f3n emocional.<\/p>\n<p>Este programa surge del \u201cDiagn\u00f3stico de Necesidades Tanatol\u00f3gicas en el Aula\u201d, un plan que revel\u00f3 el impacto del duelo en el rendimiento escolar tras el regreso a las clases presenciales post-pandemia de Covid-19.<\/p>\n<p>Las principales actividades realizadas desde el 2022 han sido: Talleres vivenciales con diversas din\u00e1micas; conferencias presenciales y en l\u00ednea abordando el tema del duelo escolar; convocatorias a paneles y jornadas de activaci\u00f3n en \u00e1reas de educaci\u00f3n b\u00e1sica y media superior.<\/p>\n<p>\u201cSanando desde el aula\u201d ha brindado acompa\u00f1amiento a m\u00e1s de 15 planteles que han enfretado la muerte de alg\u00fan miembro de la comunidad escolar, teniendo un alcance con 5 mil 878 docentes para el tratamiento del tema.<\/p>\n<p>Este esfuerzo es apoyado por la Subsecretar\u00eda de Educaci\u00f3n B\u00e1sica, la Subsecretar\u00eda de Educaci\u00f3n Media Superior y la Subsecretar\u00eda de Educaci\u00f3n Superior y Normal, en colaboraci\u00f3n con el Consejo para la Convivencia Escolar (Convive), que se encarga de gestionar los casos de estudiantes menores de edad.<\/p>\n","protected":false},"excerpt":{"rendered":"<p>Con la participaci\u00f3n de 45 servidoras p\u00fablicas del Colegio de Estudios Cient\u00edficos y Tecnol\u00f3gicos del Estado de M\u00e9xico (Cecytem), se llev\u00f3 a cabo el taller grupal \u201cSanar para ense\u00f1ar\u201d, impulsado por el gobierno de la Maestra Delfina G\u00f3mez \u00c1lvarez, en consonancia con los principios de la Nueva Escuela Mexicana (NEM), para fortalecer la salud emocional de las comunidades escolares como un pilar fundamental de la ense\u00f1anza.<\/p>\n","protected":false},"author":3,"featured_media":627273,"comment_status":"open","ping_status":"open","sticky":false,"template":"","format":"standard","meta":{"_monsterinsights_skip_tracking":false,"_monsterinsights_sitenote_active":false,"_monsterinsights_sitenote_note":"","_monsterinsights_sitenote_category":0,"footnotes":""},"categories":[5,99730],"tags":[100393,47121],"class_list":["post-627194","post","type-post","status-publish","format-standard","has-post-thumbnail","hentry","category-estado-de-mexico","category-edomex","tag-comunidad-escolar","tag-talleres"],"_links":{"self":[{"href":"https:\/\/www.diarioimagen.net\/index.php?rest_route=\/wp\/v2\/posts\/627194","targetHints":{"allow":["GET"]}}],"collection":[{"href":"https:\/\/www.diarioimagen.net\/index.php?rest_route=\/wp\/v2\/posts"}],"about":[{"href":"https:\/\/www.diarioimagen.net\/index.php?rest_route=\/wp\/v2\/types\/post"}],"author":[{"embeddable":true,"href":"https:\/\/www.diarioimagen.net\/index.php?rest_route=\/wp\/v2\/users\/3"}],"replies":[{"embeddable":true,"href":"https:\/\/www.diarioimagen.net\/index.php?rest_route=%2Fwp%2Fv2%2Fcomments&post=627194"}],"version-history":[{"count":0,"href":"https:\/\/www.diarioimagen.net\/index.php?rest_route=\/wp\/v2\/posts\/627194\/revisions"}],"wp:featuredmedia":[{"embeddable":true,"href":"https:\/\/www.diarioimagen.net\/index.php?rest_route=\/wp\/v2\/media\/627273"}],"wp:attachment":[{"href":"https:\/\/www.diarioimagen.net\/index.php?rest_route=%2Fwp%2Fv2%2Fmedia&parent=627194"}],"wp:term":[{"taxonomy":"category","embeddable":true,"href":"https:\/\/www.diarioimagen.net\/index.php?rest_route=%2Fwp%2Fv2%2Fcategories&post=627194"},{"taxonomy":"post_tag","embeddable":true,"href":"https:\/\/www.diarioimagen.net\/index.php?rest_route=%2Fwp%2Fv2%2Ftags&post=627194"}],"curies":[{"name":"wp","href":"https:\/\/api.w.org\/{rel}","templated":true}]}}