{"id":627198,"date":"2024-07-24T00:03:06","date_gmt":"2024-07-24T06:03:06","guid":{"rendered":"https:\/\/www.diarioimagen.net\/?p=627198"},"modified":"2024-07-24T01:39:00","modified_gmt":"2024-07-24T07:39:00","slug":"severo-luna-escobar-cuestiona-labor-del-tribunal-electoral-del-estado-de-mexico","status":"publish","type":"post","link":"https:\/\/www.diarioimagen.net\/?p=627198","title":{"rendered":"Severo Luna Escobar cuestiona labor del Tribunal Electoral del Estado de M\u00e9xico"},"content":{"rendered":"<p>&nbsp;<\/p>\n<div id=\"attachment_627269\" style=\"width: 470px\" class=\"wp-caption aligncenter\"><a href=\"https:\/\/www.diarioimagen.net\/?attachment_id=627269\" rel=\"attachment wp-att-627269\"><img loading=\"lazy\" decoding=\"async\" aria-describedby=\"caption-attachment-627269\" class=\"size-full wp-image-627269\" src=\"https:\/\/www.diarioimagen.net\/wp-content\/uploads\/2024\/07\/severo-luna.jpg\" alt=\"\" width=\"460\" height=\"270\" srcset=\"https:\/\/www.diarioimagen.net\/wp-content\/uploads\/2024\/07\/severo-luna.jpg 460w, https:\/\/www.diarioimagen.net\/wp-content\/uploads\/2024\/07\/severo-luna-240x141.jpg 240w\" sizes=\"auto, (max-width: 460px) 100vw, 460px\" \/><\/a><p id=\"caption-attachment-627269\" class=\"wp-caption-text\">La s\u00edndica electa Leylany Richard anunci\u00f3 que se desarrollar\u00e1 un ambicioso proyecto para rescatar la Presa Mad\u00edn, en Atizap\u00e1n.<\/p><\/div>\n<p>&nbsp;<\/p>\n<p><strong>Valle de M\u00e9xico.\u2014 <\/strong>Para el l\u00edder del Partido Nueva Alianza (NA) en los municipios de Cuautitl\u00e1n, Huehuetoca, Zumpango, Jaltenco, Nextlalpan, Tonanitla, Severo Luna Escobar, la decisi\u00f3n que tom\u00f3 el Tribunal Electoral del Estado de M\u00e9xico (TEEM), en contra de este instituto pol\u00edtico fue err\u00f3nea y mal cabildeada.Denunci\u00f3 que la dirigencia estatal y militancia de Nueva Alianza<\/p>\n<p>reprueban, en su conjunto, la sentencia del TEEM, pues es una flagrante transgresi\u00f3n al principio de la legalidad, un ataque directo y arbitrario contra una fuerza pol\u00edtica que cuenta con el respaldo de m\u00e1s de 250 mil ciudadanos mexiquenses, ya que legalmente Nueva Alianza estuvo por encima del umbral del 3% de la votaci\u00f3n v\u00e1lida emitida en la elecci\u00f3n de Ayuntamientos , lo cual le garantiza todas las condiciones legales y leg\u00edtimas para continuar c\u00f3mo partido pol\u00edtico local.<\/p>\n<p>\u201cNueva Alianza, es un instituto pol\u00edtico que siempre ha confiado en las instituciones, sin embargo, la Sala Local del TEEM, siempre ha dejado en duda sus decisiones hacia Nueva Alianza Estado de M\u00e9xico, parece actuar m\u00e1s por consigna y no en la defensa de los derechos de los militantes de los partidos pol\u00edticos\u201d, afirm\u00f3 Severo Luna.<\/p>\n<p>&nbsp;<\/p>\n<p>&nbsp;<\/p>\n","protected":false},"excerpt":{"rendered":"<p>Para el l\u00edder del Partido Nueva Alianza (NA) en los municipios de Cuautitl\u00e1n, Huehuetoca, Zumpango, Jaltenco, Nextlalpan, Tonanitla, Severo Luna Escobar, la decisi\u00f3n que tom\u00f3 el Tribunal Electoral del Estado de M\u00e9xico (TEEM), en contra de este instituto pol\u00edtico fue err\u00f3nea y mal cabildeada.<\/p>\n","protected":false},"author":3,"featured_media":627269,"comment_status":"open","ping_status":"open","sticky":false,"template":"","format":"standard","meta":{"_monsterinsights_skip_tracking":false,"_monsterinsights_sitenote_active":false,"_monsterinsights_sitenote_note":"","_monsterinsights_sitenote_category":0,"footnotes":""},"categories":[5],"tags":[72317,37920,100394],"class_list":["post-627198","post","type-post","status-publish","format-standard","has-post-thumbnail","hentry","category-estado-de-mexico","tag-cuestional","tag-labor","tag-teeem"],"_links":{"self":[{"href":"https:\/\/www.diarioimagen.net\/index.php?rest_route=\/wp\/v2\/posts\/627198","targetHints":{"allow":["GET"]}}],"collection":[{"href":"https:\/\/www.diarioimagen.net\/index.php?rest_route=\/wp\/v2\/posts"}],"about":[{"href":"https:\/\/www.diarioimagen.net\/index.php?rest_route=\/wp\/v2\/types\/post"}],"author":[{"embeddable":true,"href":"https:\/\/www.diarioimagen.net\/index.php?rest_route=\/wp\/v2\/users\/3"}],"replies":[{"embeddable":true,"href":"https:\/\/www.diarioimagen.net\/index.php?rest_route=%2Fwp%2Fv2%2Fcomments&post=627198"}],"version-history":[{"count":0,"href":"https:\/\/www.diarioimagen.net\/index.php?rest_route=\/wp\/v2\/posts\/627198\/revisions"}],"wp:featuredmedia":[{"embeddable":true,"href":"https:\/\/www.diarioimagen.net\/index.php?rest_route=\/wp\/v2\/media\/627269"}],"wp:attachment":[{"href":"https:\/\/www.diarioimagen.net\/index.php?rest_route=%2Fwp%2Fv2%2Fmedia&parent=627198"}],"wp:term":[{"taxonomy":"category","embeddable":true,"href":"https:\/\/www.diarioimagen.net\/index.php?rest_route=%2Fwp%2Fv2%2Fcategories&post=627198"},{"taxonomy":"post_tag","embeddable":true,"href":"https:\/\/www.diarioimagen.net\/index.php?rest_route=%2Fwp%2Fv2%2Ftags&post=627198"}],"curies":[{"name":"wp","href":"https:\/\/api.w.org\/{rel}","templated":true}]}}