{"id":627200,"date":"2024-07-24T00:04:28","date_gmt":"2024-07-24T06:04:28","guid":{"rendered":"https:\/\/www.diarioimagen.net\/?p=627200"},"modified":"2024-07-24T01:39:31","modified_gmt":"2024-07-24T07:39:31","slug":"buscaremos-el-regreso-de-la-paz-y-justicia-social-heriberto-perez-gonzalez","status":"publish","type":"post","link":"https:\/\/www.diarioimagen.net\/?p=627200","title":{"rendered":"Buscaremos el regreso de la paz y justicia social: Heriberto P\u00e9rez Gonz\u00e1lez"},"content":{"rendered":"<p>&nbsp;<\/p>\n<ul>\n<li><em><strong>\u201cHace falta mucho por hacer en Naucalpan\u201d<\/strong><\/em><\/li>\n<\/ul>\n<p>&nbsp;<\/p>\n<div id=\"attachment_627271\" style=\"width: 470px\" class=\"wp-caption aligncenter\"><a href=\"https:\/\/www.diarioimagen.net\/?attachment_id=627271\" rel=\"attachment wp-att-627271\"><img loading=\"lazy\" decoding=\"async\" aria-describedby=\"caption-attachment-627271\" class=\"size-full wp-image-627271\" src=\"https:\/\/www.diarioimagen.net\/wp-content\/uploads\/2024\/07\/buscaremos-regreso.jpg\" alt=\"\" width=\"460\" height=\"270\" srcset=\"https:\/\/www.diarioimagen.net\/wp-content\/uploads\/2024\/07\/buscaremos-regreso.jpg 460w, https:\/\/www.diarioimagen.net\/wp-content\/uploads\/2024\/07\/buscaremos-regreso-240x141.jpg 240w\" sizes=\"auto, (max-width: 460px) 100vw, 460px\" \/><\/a><p id=\"caption-attachment-627271\" class=\"wp-caption-text\">Heriberto P\u00e9rez Gonz\u00e1lez, responsable de la\u00a0 Organizaci\u00f3n de la Diversidad Sexual y de Grupos Vulnerables de Naucalpan.<\/p><\/div>\n<p>&nbsp;<\/p>\n<p><strong>Naucalpan, Estado de M\u00e9xico.\u2014<\/strong> \u201cDesde luego que a\u00fan hace falta mucho por hacer en favor de las familias m\u00e1s vulnerables de este municipio, es por ello, que seguiremos trabajando para que los tres \u00f3rdenes de gobierno (federal estatal y municipal) volteen a ver sus necesidades m\u00e1s apremiantes\u201d.<\/p>\n<p>As\u00ed lo expres\u00f3 el luchador social Heriberto P\u00e9rez Gonz\u00e1lez, responsable de la\u00a0 Organizaci\u00f3n de la Diversidad Sexual y de Grupos Vulnerables de Naucalpan (ORDISE), luego de asegurar que \u201cseguiremos atentos para que los programas y actividades sociales, lleguen de manera permanente a quienes m\u00e1s lo necesiten\u201d.<\/p>\n<p>P\u00e9rez Gonz\u00e1lez puntualiz\u00f3 que \u201ca trav\u00e9s de nuestra agrupaci\u00f3n ORDISE, seguiremos llevando a diversas colonias del municipio todo tipo de actividades como son m\u00e9dico asistenciales y recreativas de la mano con distintas organizaciones hermanas\u201d.<\/p>\n<p>Por otra parte, el joven activista pol\u00edtico abund\u00f3 que \u201choy es el momento de apoyar a los que nos necesitan y en ello no daremos marcha atr\u00e1s. Vamos, sociedad y gobiernos a trabajar de la mano para encontrar soluciones en favor de las familias naucalpenses\u201d, remat\u00f3.<\/p>\n<p>Finalmente, Heriberto P\u00e9rez reiter\u00f3 su agradecimiento a aquellos que le han tendido la mano para continuar con su labor altruista y sobre todo a su equipo de trabajo que lo hace de manera voluntaria y sin recibir un s\u00f3lo peso.<\/p>\n<p>\u201cFalta mucho por hacer en Naucalpan e insistiremos en que los gobiernos federal, estatal y municipal, abran los ojos para regresar la paz y justicia social que demandan los naucalpenses\u201d, concluy\u00f3.<\/p>\n","protected":false},"excerpt":{"rendered":"<p>\u201cDesde luego que a\u00fan hace falta mucho por hacer en favor de las familias m\u00e1s vulnerables de este municipio, es por ello, que seguiremos trabajando para que los tres \u00f3rdenes de gobierno (federal estatal y municipal) volteen a ver sus necesidades m\u00e1s apremiantes\u201d.<\/p>\n","protected":false},"author":3,"featured_media":627271,"comment_status":"open","ping_status":"open","sticky":false,"template":"","format":"standard","meta":{"_monsterinsights_skip_tracking":false,"_monsterinsights_sitenote_active":false,"_monsterinsights_sitenote_note":"","_monsterinsights_sitenote_category":0,"footnotes":""},"categories":[5],"tags":[43675,100395,970],"class_list":["post-627200","post","type-post","status-publish","format-standard","has-post-thumbnail","hentry","category-estado-de-mexico","tag-estado-de-mexico","tag-heriberto-perez-gonzalez","tag-naucalpan"],"_links":{"self":[{"href":"https:\/\/www.diarioimagen.net\/index.php?rest_route=\/wp\/v2\/posts\/627200","targetHints":{"allow":["GET"]}}],"collection":[{"href":"https:\/\/www.diarioimagen.net\/index.php?rest_route=\/wp\/v2\/posts"}],"about":[{"href":"https:\/\/www.diarioimagen.net\/index.php?rest_route=\/wp\/v2\/types\/post"}],"author":[{"embeddable":true,"href":"https:\/\/www.diarioimagen.net\/index.php?rest_route=\/wp\/v2\/users\/3"}],"replies":[{"embeddable":true,"href":"https:\/\/www.diarioimagen.net\/index.php?rest_route=%2Fwp%2Fv2%2Fcomments&post=627200"}],"version-history":[{"count":0,"href":"https:\/\/www.diarioimagen.net\/index.php?rest_route=\/wp\/v2\/posts\/627200\/revisions"}],"wp:featuredmedia":[{"embeddable":true,"href":"https:\/\/www.diarioimagen.net\/index.php?rest_route=\/wp\/v2\/media\/627271"}],"wp:attachment":[{"href":"https:\/\/www.diarioimagen.net\/index.php?rest_route=%2Fwp%2Fv2%2Fmedia&parent=627200"}],"wp:term":[{"taxonomy":"category","embeddable":true,"href":"https:\/\/www.diarioimagen.net\/index.php?rest_route=%2Fwp%2Fv2%2Fcategories&post=627200"},{"taxonomy":"post_tag","embeddable":true,"href":"https:\/\/www.diarioimagen.net\/index.php?rest_route=%2Fwp%2Fv2%2Ftags&post=627200"}],"curies":[{"name":"wp","href":"https:\/\/api.w.org\/{rel}","templated":true}]}}