{"id":627204,"date":"2024-07-24T00:01:18","date_gmt":"2024-07-24T06:01:18","guid":{"rendered":"https:\/\/www.diarioimagen.net\/?p=627204"},"modified":"2024-07-24T01:37:07","modified_gmt":"2024-07-24T07:37:07","slug":"refrenda-anuar-azar-figueroa-su-compromiso-por-mantener-la-unidad-en-el-pan-mexiquense","status":"publish","type":"post","link":"https:\/\/www.diarioimagen.net\/?p=627204","title":{"rendered":"Refrenda Anuar Azar Figueroa su compromiso por mantener la unidad en el PAN mexiquense"},"content":{"rendered":"<p>&nbsp;<\/p>\n<ul>\n<li><em><strong>Panistas apoyan su reelecci\u00f3n<\/strong><\/em><\/li>\n<\/ul>\n<p>&nbsp;<\/p>\n<h6>Arturo Baena<\/h6>\n<p>&nbsp;<\/p>\n<div id=\"attachment_627265\" style=\"width: 470px\" class=\"wp-caption aligncenter\"><a href=\"https:\/\/www.diarioimagen.net\/?attachment_id=627265\" rel=\"attachment wp-att-627265\"><img loading=\"lazy\" decoding=\"async\" aria-describedby=\"caption-attachment-627265\" class=\"size-full wp-image-627265\" src=\"https:\/\/www.diarioimagen.net\/wp-content\/uploads\/2024\/07\/refrenda-anuar.jpg\" alt=\"\" width=\"460\" height=\"270\" srcset=\"https:\/\/www.diarioimagen.net\/wp-content\/uploads\/2024\/07\/refrenda-anuar.jpg 460w, https:\/\/www.diarioimagen.net\/wp-content\/uploads\/2024\/07\/refrenda-anuar-240x141.jpg 240w\" sizes=\"auto, (max-width: 460px) 100vw, 460px\" \/><\/a><p id=\"caption-attachment-627265\" class=\"wp-caption-text\">Anuar Azar Figueroa, presidente del PAN en el Estado de M\u00e9xico, refrend\u00f3 su compromiso por mantener la unidad y fortalecimiento de ese instituto pol\u00edtico en la entidad.<\/p><\/div>\n<p>&nbsp;<\/p>\n<p><strong>Valle de M\u00e9xico.\u2014<\/strong> \u201cEl Partido Acci\u00f3n Nacional\u00a0 (PAN) ha demostrado ser una fuerza pol\u00edtica que construye, hemos actuado de manera responsable y as\u00ed lo seguiremos haciendo en favor de las y los mexiquenses, en ello no daremos ni un paso atr\u00e1s\u201d.<\/p>\n<p>As\u00ed lo expres\u00f3 en entrevista, Anuar Azar Figueroa, presidente estatal de ese instituto pol\u00edtico en el Estado de M\u00e9xico, al tiempo de refrendar su compromiso por mantener la unidad y fortalecimiento de ese instituto pol\u00edtico en la entidad mexiquense.<\/p>\n<p>El tambi\u00e9n legislador destac\u00f3 que como oposici\u00f3n mayoritaria, han defendido e impulsado los proyectos y programas que benefician a las y los mexicanos, por lo mismo han rechazado los temas que atentan contra los derechos y el bienestar de la poblaci\u00f3n.<\/p>\n<p>\u201cEl de Acci\u00f3n Nacional ha propuesto iniciativas en temas urgentes como la salud, econom\u00eda y seguridad; tambi\u00e9n en medio ambiente, educaci\u00f3n, justicia, combate a la corrupci\u00f3n y defensa de la democracia, lo cual nos enorgullece\u201d, dijo.<\/p>\n<p>Mientras tanto, panistas de diversos municipios que conforman el Estado de M\u00e9xico, de Naucalpan, Tlalnepantla, Atizap\u00e1n, Huixquilucan, entre otros, respaldaron a Anuar Azar para que se reelija al frente del CDE del PAN.<\/p>\n<p>\u201cNuestro partido, sin duda alguna, se convertir\u00e1 en la primera fuerza pol\u00edtica en el Estado de M\u00e9xico bajo la conducci\u00f3n de Anuar, por eso cuenta con todo nuestro apoyo\u201d, concluyeron los panistas.<\/p>\n","protected":false},"excerpt":{"rendered":"<p>\u201cEl Partido Acci\u00f3n Nacional\u00a0 (PAN) ha demostrado ser una fuerza pol\u00edtica que construye, hemos actuado de manera responsable y as\u00ed lo seguiremos haciendo en favor de las y los mexiquenses, en ello no daremos ni un paso atr\u00e1s\u201d.<\/p>\n","protected":false},"author":3,"featured_media":627265,"comment_status":"open","ping_status":"open","sticky":false,"template":"","format":"standard","meta":{"_monsterinsights_skip_tracking":false,"_monsterinsights_sitenote_active":false,"_monsterinsights_sitenote_note":"","_monsterinsights_sitenote_category":0,"footnotes":""},"categories":[5],"tags":[91,47286,34],"class_list":["post-627204","post","type-post","status-publish","format-standard","has-post-thumbnail","hentry","category-estado-de-mexico","tag-pan","tag-refrenda","tag-valle-de-mexico"],"_links":{"self":[{"href":"https:\/\/www.diarioimagen.net\/index.php?rest_route=\/wp\/v2\/posts\/627204","targetHints":{"allow":["GET"]}}],"collection":[{"href":"https:\/\/www.diarioimagen.net\/index.php?rest_route=\/wp\/v2\/posts"}],"about":[{"href":"https:\/\/www.diarioimagen.net\/index.php?rest_route=\/wp\/v2\/types\/post"}],"author":[{"embeddable":true,"href":"https:\/\/www.diarioimagen.net\/index.php?rest_route=\/wp\/v2\/users\/3"}],"replies":[{"embeddable":true,"href":"https:\/\/www.diarioimagen.net\/index.php?rest_route=%2Fwp%2Fv2%2Fcomments&post=627204"}],"version-history":[{"count":0,"href":"https:\/\/www.diarioimagen.net\/index.php?rest_route=\/wp\/v2\/posts\/627204\/revisions"}],"wp:featuredmedia":[{"embeddable":true,"href":"https:\/\/www.diarioimagen.net\/index.php?rest_route=\/wp\/v2\/media\/627265"}],"wp:attachment":[{"href":"https:\/\/www.diarioimagen.net\/index.php?rest_route=%2Fwp%2Fv2%2Fmedia&parent=627204"}],"wp:term":[{"taxonomy":"category","embeddable":true,"href":"https:\/\/www.diarioimagen.net\/index.php?rest_route=%2Fwp%2Fv2%2Fcategories&post=627204"},{"taxonomy":"post_tag","embeddable":true,"href":"https:\/\/www.diarioimagen.net\/index.php?rest_route=%2Fwp%2Fv2%2Ftags&post=627204"}],"curies":[{"name":"wp","href":"https:\/\/api.w.org\/{rel}","templated":true}]}}