{"id":627293,"date":"2024-07-24T00:00:17","date_gmt":"2024-07-24T06:00:17","guid":{"rendered":"https:\/\/www.diarioimagen.net\/?p=627293"},"modified":"2024-08-06T00:42:48","modified_gmt":"2024-08-06T06:42:48","slug":"epitafio","status":"publish","type":"post","link":"https:\/\/www.diarioimagen.net\/?p=627293","title":{"rendered":"Epitafio"},"content":{"rendered":"<h2>Los Pozos de Carlos Pozos<\/h2>\n<h5>Carlos Pozos<br \/>\n[ <em>Lord Mol\u00e9cula<\/em> ]<\/h5>\n<p>&nbsp;<\/p>\n<p>\u00bfCu\u00e1l ser\u00eda el epitafio que le gustar\u00eda que tuviera su \u00faltima morada de descanso final? As\u00ed de directo le pregunt\u00e9 al <strong>Presidente de M\u00e9xico, Andr\u00e9s Manuel L\u00f3pez Obrador<\/strong>, apenas el pasado mi\u00e9rcoles 10 de julio del a\u00f1o en curso en el Sal\u00f3n Tesorer\u00eda de Palacio Nacional, a lo que respondi\u00f3: \u201cEn lo p\u00fablico, <em>El juramento yaqui<\/em>, y en lo personal, lo que est\u00e1 en mi libro, lo de Amado Nervo, <em>En paz<\/em>. \u00bfQuieren ver lo del juramento yaqui? Nos pregunt\u00f3 a los reporteros ah\u00ed presentes.<\/p>\n<p>En una pasada intervenci\u00f3n de meses atr\u00e1s, este tecleador, tambi\u00e9n al preguntarle al <strong>jefe de la naci\u00f3n, Andr\u00e9s Manuel L\u00f3pez Obrador<\/strong>, respecto de \u00bfqu\u00e9 mensaje les dar\u00eda a los m\u00e1s de 60 millones de hu\u00e9rfanos que dejar\u00e1 el lunes 30 de septiembre?, tambi\u00e9n me declar\u00f3 que le gustar\u00eda que se proyectara en la pantalla instalada en la conferencia de prensa del Sal\u00f3n Tesorer\u00eda de Palacio Nacional, el poema de Amado Nervo, de t\u00edtulo <em>En paz<\/em>, mismo que tambi\u00e9n insert\u00f3 en su libro <em>\u00a1Gracias!<\/em>, en la parte final.<\/p>\n<p>Que dice as\u00ed:<\/p>\n<p>\u201cMuy cerca de mi ocaso, yo te bendigo, vida porque nunca me diste ni esperanza fallida, ni trabajos injustos, ni pena inmerecida; porque veo al final de mi rudo camino que yo fui el arquitecto de mi propio destino; que si extraje las mieles o la hiel de las cosas, fue porque en ellas puse hiel o mieles sabrosas; cuando plant\u00e9 rosales, cosech\u00e9 siempre rosas.<\/p>\n<p>Cierto, a mis lozan\u00edas va a seguir el invierno: \u00a1m\u00e1s t\u00fa no me dijiste que mayo fuese eterno!<\/p>\n<p>Hall\u00e9, sin duda largas las noches de mis penas; m\u00e1s no me prometiste tan s\u00f3lo noches buenas; y en cambio tuve algunas santamente serenas\u2026<\/p>\n<p>Am\u00e9, y fui amado, el sol acarici\u00f3 mi faz.<\/p>\n<p>\u00a1Vida, nada me debes! \u00a1Vida, estamos en paz!\u201d<\/p>\n<p>Y este autor de esta columna, logra que el <strong>Primer Mandatario de la Naci\u00f3n<\/strong>, licenciado <strong>Andr\u00e9s Manuel L\u00f3pez Obrador<\/strong>, le d\u00e9 lectura ahora al Juramento Yaqui, que en espa\u00f1ol dice as\u00ed:<\/p>\n<p>\u201cPara ti no habr\u00e1 ya sol, para ti no habr\u00e1 ya noche, para ti no habr\u00e1 ya muerte, para ti no habr\u00e1 ya dolor, para ti no habr\u00e1 ya calor, no sed, ni hambre, ni lluvia, ni aire, ni enfermedad, ni familia\u201d.<\/p>\n<p>Y sobre su testamento pol\u00edtico, el Presidente de todos los mexicanos ha dicho que cuando se retire no quiere que ninguna escuela, calle, monumento, estatua u organizaci\u00f3n lleve su nombre. Adem\u00e1s de que nos ha comentado que tiene hecho un testamento que alberga una notar\u00eda y \u201cquiz\u00e1 lo reajuste\u201d.<\/p>\n<p>Por las fuertes ventas de su m\u00e1s reciente obra literaria, el <strong>jefe del Poder Ejecutivo federal, Andr\u00e9s Manuel L\u00f3pez Obrador<\/strong>, recuerda que <em>\u00a1Gracias!<\/em> ser\u00e1 reeditado tras lograr altas ventas; adem\u00e1s de que recibi\u00f3 un anticipo de 3 millones de los cuales pag\u00f3 impuestos por 1 mill\u00f3n de pesos.<\/p>\n<p>Y sobre estos temas hay que recordar que no recibir\u00e1 la pensi\u00f3n millonaria que ten\u00edan los ex presidentes de neoliberalismo hasta <strong>Enrique Pe\u00f1a Nieto<\/strong>, por ello <strong>L\u00f3pez Obrador<\/strong>, ya est\u00e1 checando lo de su pensi\u00f3n.<\/p>\n<p>Dentro de dos meses y d\u00edas, una vez instalado en su quinta de Palenque, Chiapas, el Presidente de la naci\u00f3n, dijo: \u201cVoy a ser muy feliz porque ya me estoy entusiasmando por el libro que escribir\u00e9 sobre el M\u00e9xico prehisp\u00e1nico, nunca m\u00e1s publicar\u00e9 sobre pol\u00edtica.\u201d<\/p>\n<p>En la cuesti\u00f3n econ\u00f3mica, <strong>L\u00f3pez Obrador<\/strong> revel\u00f3 que no tiene nada, pues la casa de Palenque es de sus hijos, nada m\u00e1s que ah\u00ed, eso lo saben los notarios, un derecho de usufructo, que est\u00e1 a mi nombre, o sea, que pueden disponer hasta que fallezca. De tarea les dejo que me digan si les gustan los epitafios descritos\u2026 Y hasta aqu\u00ed con Los Pozos de Carlos Pozos. Y si desean que le haga su pregunta al Presidente de M\u00e9xico en la conferencia de prensa \u201cma\u00f1anera\u201d, por favor h\u00e1ganmela llegar al correo: <a href=\"mailto:lordmolecularedaccion@gmail.com\" target=\"_blank\" rel=\"noopener\"><em>lordmolecularedaccion@gmail.com<\/em><\/a>, v\u00eda <em>X<\/em> a: <a href=\"https:\/\/twitter.com\/lordmolecula?ref_src=twsrc%5Egoogle%7Ctwcamp%5Eserp%7Ctwgr%5Eauthor\" target=\"_blank\" rel=\"noopener\"><em>@lordmoleculaoficial<\/em><\/a>, o bien, visiten nuestro portal <em><a href=\"https:\/\/www.lordmoleculaoficial.com\/\" target=\"_blank\" rel=\"noopener\">https:\/\/www.lordmoleculaoficial.com<\/a><\/em>, as\u00ed como tambi\u00e9n pueden ver mi Canal <a href=\"https:\/\/www.youtube.com\/channel\/UC0WxwnD6D67eYwmmRWQnOEg\" target=\"_blank\" rel=\"noopener\"><em>Lord Mol\u00e9cula Oficial<\/em><\/a>.<\/p>\n","protected":false},"excerpt":{"rendered":"<p><span style=\"color: #005497;\"><strong>Carlos Pozos<\/strong><\/span><\/p>\n","protected":false},"author":3,"featured_media":0,"comment_status":"open","ping_status":"open","sticky":false,"template":"","format":"standard","meta":{"_monsterinsights_skip_tracking":false,"_monsterinsights_sitenote_active":false,"_monsterinsights_sitenote_note":"","_monsterinsights_sitenote_category":0,"footnotes":""},"categories":[97814],"tags":[97816,97815,43674],"class_list":["post-627293","post","type-post","status-publish","format-standard","hentry","category-carlos-pozos","tag-carlos-pozos","tag-los-pozos-de-carlos-pozos","tag-opinion"],"_links":{"self":[{"href":"https:\/\/www.diarioimagen.net\/index.php?rest_route=\/wp\/v2\/posts\/627293","targetHints":{"allow":["GET"]}}],"collection":[{"href":"https:\/\/www.diarioimagen.net\/index.php?rest_route=\/wp\/v2\/posts"}],"about":[{"href":"https:\/\/www.diarioimagen.net\/index.php?rest_route=\/wp\/v2\/types\/post"}],"author":[{"embeddable":true,"href":"https:\/\/www.diarioimagen.net\/index.php?rest_route=\/wp\/v2\/users\/3"}],"replies":[{"embeddable":true,"href":"https:\/\/www.diarioimagen.net\/index.php?rest_route=%2Fwp%2Fv2%2Fcomments&post=627293"}],"version-history":[{"count":0,"href":"https:\/\/www.diarioimagen.net\/index.php?rest_route=\/wp\/v2\/posts\/627293\/revisions"}],"wp:attachment":[{"href":"https:\/\/www.diarioimagen.net\/index.php?rest_route=%2Fwp%2Fv2%2Fmedia&parent=627293"}],"wp:term":[{"taxonomy":"category","embeddable":true,"href":"https:\/\/www.diarioimagen.net\/index.php?rest_route=%2Fwp%2Fv2%2Fcategories&post=627293"},{"taxonomy":"post_tag","embeddable":true,"href":"https:\/\/www.diarioimagen.net\/index.php?rest_route=%2Fwp%2Fv2%2Ftags&post=627293"}],"curies":[{"name":"wp","href":"https:\/\/api.w.org\/{rel}","templated":true}]}}