{"id":627373,"date":"2024-07-25T00:01:09","date_gmt":"2024-07-25T06:01:09","guid":{"rendered":"https:\/\/www.diarioimagen.net\/?p=627373"},"modified":"2024-07-25T23:09:06","modified_gmt":"2024-07-26T05:09:06","slug":"el-magnate-elon-musk-pausa-la-inversion-de-tesla-en-mexico","status":"publish","type":"post","link":"https:\/\/www.diarioimagen.net\/?p=627373","title":{"rendered":"El magnate Elon Musk pausa\u00a0la inversi\u00f3n de\u00a0Tesla\u00a0en M\u00e9xico"},"content":{"rendered":"<p>&nbsp;<\/p>\n<h2 style=\"text-align: center;\">Se decidir\u00e1 despu\u00e9s de elecciones en Estados Unidos<\/h2>\n<p>&nbsp;<\/p>\n<ul>\n<li><strong><em>Evaluar\u00e1 el tema de los aranceles que se impondr\u00edan a veh\u00edculos producidos en el pa\u00eds<\/em><\/strong><\/li>\n<\/ul>\n<p>&nbsp;<\/p>\n<div id=\"attachment_627415\" style=\"width: 470px\" class=\"wp-caption aligncenter\"><a href=\"https:\/\/www.diarioimagen.net\/?attachment_id=627415\" rel=\"attachment wp-att-627415\"><img loading=\"lazy\" decoding=\"async\" aria-describedby=\"caption-attachment-627415\" class=\"size-full wp-image-627415\" src=\"https:\/\/www.diarioimagen.net\/wp-content\/uploads\/2024\/07\/magnate-elon-musk-tesla.jpg\" alt=\"\" width=\"460\" height=\"270\" srcset=\"https:\/\/www.diarioimagen.net\/wp-content\/uploads\/2024\/07\/magnate-elon-musk-tesla.jpg 460w, https:\/\/www.diarioimagen.net\/wp-content\/uploads\/2024\/07\/magnate-elon-musk-tesla-240x141.jpg 240w\" sizes=\"auto, (max-width: 460px) 100vw, 460px\" \/><\/a><p id=\"caption-attachment-627415\" class=\"wp-caption-text\">Elon Musk anunci\u00f3 que la inversi\u00f3n de su compa\u00f1\u00eda Tesla en M\u00e9xico queda paralizada, al menos, hasta que se celebren las elecciones presidenciales en Estados Unidos.<\/p><\/div>\n<p>&nbsp;<\/p>\n<p>El magnate Elon Musk anunci\u00f3 que la inversi\u00f3n de la compa\u00f1\u00eda Tesla en M\u00e9xico queda paralizada, al menos, hasta que se celebren las elecciones presidenciales en Estados Unidos.<\/p>\n<p>\u201cCreo que tenemos que ver lo que pasa con la elecci\u00f3n. Trump ha dicho que pondr\u00e1 aranceles a los veh\u00edculos producidos en M\u00e9xico. As\u00ed que no tiene sentido invertir mucho en M\u00e9xico si eso va pasar\u201d, declar\u00f3 el multimillonario durante una teleconferencia con analistas y medios de comunicaci\u00f3n.<\/p>\n<p>La compa\u00f1\u00eda Tesla hab\u00eda anunciado con anterioridad la construcci\u00f3n de una planta de montaje en M\u00e9xico para producir autom\u00f3viles a partir de 2026.<\/p>\n<p>Musk, que ha declarado p\u00fablicamente su apoyo a Trump y se ha comprometido a donar a su campa\u00f1a decenas de millones de d\u00f3lares para facilitar que gane en la elecci\u00f3n presidencial en noviembre, a\u00f1adi\u00f3: \u201cEn estos momentos nos oponemos a Giga M\u00e9xico\u201d.<\/p>\n<p>\u201cNecesitamos ver c\u00f3mo las cosas se desarrollan pol\u00edticamente\u201d, continu\u00f3.<\/p>\n<p>Tesla hab\u00eda empezado las labores de construcci\u00f3n de la Gigafactor\u00eda de M\u00e9xico en Monterrey e incluso en febrero de este a\u00f1o, el gobernador del estado de Nuevo Le\u00f3n, Samuel Garc\u00eda, asegur\u00f3 que las obras se iniciar\u00edan en marzo de este a\u00f1o.<\/p>\n<p>La construcci\u00f3n de la factor\u00eda, que fue anunciada en marzo de 2023 por Musk y que ha contado con sustanciales ayudas estatales por parte de los gobiernos mexicanos, ya hab\u00eda sido retrasada a finales de ese a\u00f1o por el empresario que justific\u00f3 su decisi\u00f3n por las elevadas tasas de inter\u00e9s.<\/p>\n<p>El controvertido empresario tambi\u00e9n se\u00f1al\u00f3 que Tesla est\u00e1 aumentando su producci\u00f3n en las factor\u00edas que ya cuenta y que futuros productos, como el robotaxi o el robot humanoide que denomina Optimus, ser\u00e1n producidos en la planta que la compa\u00f1\u00eda tiene en Texas.<\/p>\n<p>Este ser\u00eda el primer golpe para M\u00e9xico, en caso de que Trump gane las elecciones y cumpla las medidas radicales para evitar la entrada de productos chinos a su pa\u00eds y reforzar su lema de campa\u00f1a \u201cMake America Great Again\u201d.<\/p>\n<p style=\"text-align: center;\"><strong>Empresarios mexicanos lamentan decisi\u00f3n de Elon Musk<\/strong><\/p>\n<p>Los industriales de M\u00e9xico lamentaron la decisi\u00f3n de poner en pausa la construcci\u00f3n de la planta de Tesla en Nuevo Le\u00f3n; sin embargo, confian en que se retomar\u00e1 una vez que pase la incertidumbre pol\u00edtica ante el pr\u00f3ximo periodo electoral en Estados Unidos y estan en disponibilidad de apoyar a la firma en sus necesidades para materializar su operaci\u00f3n en territorio mexicano, se\u00f1al\u00f3 la Confederaci\u00f3n de C\u00e1maras Industriales de M\u00e9xico (Concamin).<\/p>\n<p>\u201cReiteramos nuestra disposici\u00f3n para apoyar a Tesla en este proceso y confiamos en que, una vez superada la incertidumbre electoral en Estados Unidos, la planta en M\u00e9xico se materializar\u00e1 con \u00e9xito, beneficiando a ambas naciones y promoviendo el desarrollo tecnol\u00f3gico y econ\u00f3mico en la regi\u00f3n\u201d, se\u00f1al\u00f3 el organismo en un comunicado tras conocerse la decisi\u00f3n del empresario Le\u00f3n Musk de poner en pausa la construcci\u00f3n de la planta de autos el\u00e9ctricos en el estado mexicano ante la posibilidad de que una victoria del candidato Donald Trump, establezca nuevos impuestos a la importaci\u00f3n de veh\u00edculos.<\/p>\n<p>\u201cEntendemos que esta decisi\u00f3n se deriva de la incertidumbre pol\u00edtica y econ\u00f3mica que suele acompa\u00f1ar a los periodos electorales en cualquier pa\u00eds. Si bien lamentamos este retraso, destaca la confianza que Tesla ha depositado en M\u00e9xico como un lugar estrat\u00e9gico para sus operaciones\u201d, expuso la Concamin.<\/p>\n<p>En su posicionamiento destac\u00f3 las virtudes de M\u00e9xico para la inversi\u00f3n como su ubicaci\u00f3n geogr\u00e1fica privilegiada, fuerza laboral calificada y un s\u00f3lido marco legal para la protecci\u00f3n de las inversiones, adem\u00e1s de que reiter\u00f3 el trabajo que la Confederaci\u00f3n realiza en alianza con los tres \u00f3rdenes de gobierno para asegurar que M\u00e9xico siga siendo un destino atractivo para la inversi\u00f3n extranjera directa.<\/p>\n<p>\u201cLa llegada de Tesla representa una oportunidad para el desarrollo de la industria automotriz y de tecnolog\u00edas limpias en nuestro pa\u00eds, contribuyendo a la generaci\u00f3n de empleos y al fortalecimiento de la econom\u00eda nacional\u201d, reconoci\u00f3.<\/p>\n","protected":false},"excerpt":{"rendered":"<p>El magnate Elon Musk anunci\u00f3 que la inversi\u00f3n de la compa\u00f1\u00eda Tesla en M\u00e9xico queda paralizada, al menos, hasta que se celebren las elecciones presidenciales en Estados Unidos.<\/p>\n","protected":false},"author":3,"featured_media":627415,"comment_status":"open","ping_status":"open","sticky":false,"template":"","format":"standard","meta":{"_monsterinsights_skip_tracking":false,"_monsterinsights_sitenote_active":false,"_monsterinsights_sitenote_note":"","_monsterinsights_sitenote_category":0,"footnotes":""},"categories":[17,8],"tags":[100411,5247,100410,97436],"class_list":["post-627373","post","type-post","status-publish","format-standard","has-post-thumbnail","hentry","category-especiales","category-finanzas","tag-elon-musk","tag-inversion","tag-magnate","tag-tesla"],"_links":{"self":[{"href":"https:\/\/www.diarioimagen.net\/index.php?rest_route=\/wp\/v2\/posts\/627373","targetHints":{"allow":["GET"]}}],"collection":[{"href":"https:\/\/www.diarioimagen.net\/index.php?rest_route=\/wp\/v2\/posts"}],"about":[{"href":"https:\/\/www.diarioimagen.net\/index.php?rest_route=\/wp\/v2\/types\/post"}],"author":[{"embeddable":true,"href":"https:\/\/www.diarioimagen.net\/index.php?rest_route=\/wp\/v2\/users\/3"}],"replies":[{"embeddable":true,"href":"https:\/\/www.diarioimagen.net\/index.php?rest_route=%2Fwp%2Fv2%2Fcomments&post=627373"}],"version-history":[{"count":0,"href":"https:\/\/www.diarioimagen.net\/index.php?rest_route=\/wp\/v2\/posts\/627373\/revisions"}],"wp:featuredmedia":[{"embeddable":true,"href":"https:\/\/www.diarioimagen.net\/index.php?rest_route=\/wp\/v2\/media\/627415"}],"wp:attachment":[{"href":"https:\/\/www.diarioimagen.net\/index.php?rest_route=%2Fwp%2Fv2%2Fmedia&parent=627373"}],"wp:term":[{"taxonomy":"category","embeddable":true,"href":"https:\/\/www.diarioimagen.net\/index.php?rest_route=%2Fwp%2Fv2%2Fcategories&post=627373"},{"taxonomy":"post_tag","embeddable":true,"href":"https:\/\/www.diarioimagen.net\/index.php?rest_route=%2Fwp%2Fv2%2Ftags&post=627373"}],"curies":[{"name":"wp","href":"https:\/\/api.w.org\/{rel}","templated":true}]}}