{"id":627389,"date":"2024-07-25T00:01:24","date_gmt":"2024-07-25T06:01:24","guid":{"rendered":"https:\/\/www.diarioimagen.net\/?p=627389"},"modified":"2024-07-25T23:07:22","modified_gmt":"2024-07-26T05:07:22","slug":"fundacion-telmex-telcel-apoya-a-los-medallistas-mexicanos","status":"publish","type":"post","link":"https:\/\/www.diarioimagen.net\/?p=627389","title":{"rendered":"Fundaci\u00f3n Telmex Telcel apoya a los medallistas mexicanos"},"content":{"rendered":"<p>&nbsp;<\/p>\n<h2 style=\"text-align: center;\">En la justa deportiva celebrada en Par\u00eds<\/h2>\n<p><strong>\u00a0<\/strong><\/p>\n<ul>\n<li><strong><em>Se les entregar\u00e1 un premio seg\u00fan la presea <\/em><\/strong><\/li>\n<\/ul>\n<p>&nbsp;<\/p>\n<div id=\"attachment_627429\" style=\"width: 440px\" class=\"wp-caption aligncenter\"><a href=\"https:\/\/www.diarioimagen.net\/?attachment_id=627429\" rel=\"attachment wp-att-627429\"><img loading=\"lazy\" decoding=\"async\" aria-describedby=\"caption-attachment-627429\" class=\"wp-image-627429\" src=\"https:\/\/www.diarioimagen.net\/wp-content\/uploads\/2024\/07\/telmex.jpg\" alt=\"\" width=\"430\" height=\"638\" srcset=\"https:\/\/www.diarioimagen.net\/wp-content\/uploads\/2024\/07\/telmex.jpg 460w, https:\/\/www.diarioimagen.net\/wp-content\/uploads\/2024\/07\/telmex-162x240.jpg 162w, https:\/\/www.diarioimagen.net\/wp-content\/uploads\/2024\/07\/telmex-182x270.jpg 182w\" sizes=\"auto, (max-width: 430px) 100vw, 430px\" \/><\/a><p id=\"caption-attachment-627429\" class=\"wp-caption-text\">Fundaci\u00f3n Telmex Telcel ha apoyado a los atletas mexicanos en diferentes ciclos Ol\u00edmpicos.<\/p><\/div>\n<p>&nbsp;<\/p>\n<p>Fundaci\u00f3n Telmex Telcel anunci\u00f3 que entregar\u00e1 apoyos econ\u00f3micos a los atletas mexicanos que conquisten medallas durante los Juegos Ol\u00edmpicos Par\u00eds 2024.<\/p>\n<p>Arturo El\u00edas Ayub, Director General de Fundaci\u00f3n Telmex Telcel dio a conocer que a los atletas mexicanos que conquisten medalla de oro se les entregar\u00e1 un premio de un mill\u00f3n de pesos, por equipo o de manera individual.<\/p>\n<p>Los integrantes de la delegaci\u00f3n mexicana que ganen medalla de plata recibir\u00e1n 250 mil pesos y para quienes consiguen medalla de bronce, el apoyo ser\u00e1 de 100 mil pesos.<\/p>\n<p>\u201cPara nosotros es un orgullo apoyar a nuestros deportistas, con quienes estamos comprometidos a incentivaros para que sigan triunfando y conquistando sus sue\u00f1os, mientras hacen vibrar a nuestro pa\u00eds\u201d, dijo El\u00edas Ayub.<\/p>\n<p>Record\u00f3 que a trav\u00e9s de la multiplataforma de Claro Sports se tendr\u00e1 toda la cobertura de los Juegos Ol\u00edmpicos, lo que permitir\u00e1 seguir en todo momento a los atletas mexicanos que competir\u00e1n en Par\u00eds.<\/p>\n<p>Fundaci\u00f3n Telmex Telcel ha apoyado a los atletas mexicanos en diferentes ciclos Ol\u00edmpicos, tanto en su proceso para llegar a los Juegos Ol\u00edmpicos como reconociendo sus triunfos.<\/p>\n","protected":false},"excerpt":{"rendered":"<p>Fundaci\u00f3n Telmex Telcel anunci\u00f3 que entregar\u00e1 apoyos econ\u00f3micos a los atletas mexicanos que conquisten medallas durante los Juegos Ol\u00edmpicos Par\u00eds 2024.<\/p>\n<p>Arturo El\u00edas Ayub, Director General de Fundaci\u00f3n Telmex Telcel dio a conocer que a los atletas mexicanos que conquisten medalla de oro se les entregar\u00e1 un premio de un mill\u00f3n de pesos, por equipo o de manera individual.<\/p>\n","protected":false},"author":3,"featured_media":627430,"comment_status":"open","ping_status":"open","sticky":false,"template":"","format":"standard","meta":{"_monsterinsights_skip_tracking":false,"_monsterinsights_sitenote_active":false,"_monsterinsights_sitenote_note":"","_monsterinsights_sitenote_category":0,"footnotes":""},"categories":[17,10],"tags":[1297,100413,100414,1264],"class_list":["post-627389","post","type-post","status-publish","format-standard","has-post-thumbnail","hentry","category-especiales","category-deportes","tag-deporte","tag-fundacion-telmex-telcel","tag-medallistas","tag-paris"],"_links":{"self":[{"href":"https:\/\/www.diarioimagen.net\/index.php?rest_route=\/wp\/v2\/posts\/627389","targetHints":{"allow":["GET"]}}],"collection":[{"href":"https:\/\/www.diarioimagen.net\/index.php?rest_route=\/wp\/v2\/posts"}],"about":[{"href":"https:\/\/www.diarioimagen.net\/index.php?rest_route=\/wp\/v2\/types\/post"}],"author":[{"embeddable":true,"href":"https:\/\/www.diarioimagen.net\/index.php?rest_route=\/wp\/v2\/users\/3"}],"replies":[{"embeddable":true,"href":"https:\/\/www.diarioimagen.net\/index.php?rest_route=%2Fwp%2Fv2%2Fcomments&post=627389"}],"version-history":[{"count":0,"href":"https:\/\/www.diarioimagen.net\/index.php?rest_route=\/wp\/v2\/posts\/627389\/revisions"}],"wp:featuredmedia":[{"embeddable":true,"href":"https:\/\/www.diarioimagen.net\/index.php?rest_route=\/wp\/v2\/media\/627430"}],"wp:attachment":[{"href":"https:\/\/www.diarioimagen.net\/index.php?rest_route=%2Fwp%2Fv2%2Fmedia&parent=627389"}],"wp:term":[{"taxonomy":"category","embeddable":true,"href":"https:\/\/www.diarioimagen.net\/index.php?rest_route=%2Fwp%2Fv2%2Fcategories&post=627389"},{"taxonomy":"post_tag","embeddable":true,"href":"https:\/\/www.diarioimagen.net\/index.php?rest_route=%2Fwp%2Fv2%2Ftags&post=627389"}],"curies":[{"name":"wp","href":"https:\/\/api.w.org\/{rel}","templated":true}]}}