{"id":627395,"date":"2024-07-25T00:01:00","date_gmt":"2024-07-25T06:01:00","guid":{"rendered":"https:\/\/www.diarioimagen.net\/?p=627395"},"modified":"2024-07-25T02:03:39","modified_gmt":"2024-07-25T08:03:39","slug":"amlo-desestima-impacto-por-suspension-de-proyecto-de-tesla","status":"publish","type":"post","link":"https:\/\/www.diarioimagen.net\/?p=627395","title":{"rendered":"AMLO desestima impacto por suspensi\u00f3n de proyecto de Tesla"},"content":{"rendered":"<p>&nbsp;<\/p>\n<ul>\n<li><strong><em>Muchas empresas s\u00f3lo especulan, acusa<\/em> <\/strong><\/li>\n<\/ul>\n<p>&nbsp;<\/p>\n<div id=\"attachment_627427\" style=\"width: 470px\" class=\"wp-caption aligncenter\"><a href=\"https:\/\/www.diarioimagen.net\/?attachment_id=627427\" rel=\"attachment wp-att-627427\"><img loading=\"lazy\" decoding=\"async\" aria-describedby=\"caption-attachment-627427\" class=\"size-full wp-image-627427\" src=\"https:\/\/www.diarioimagen.net\/wp-content\/uploads\/2024\/07\/amlo-10.jpg\" alt=\"\" width=\"460\" height=\"270\" srcset=\"https:\/\/www.diarioimagen.net\/wp-content\/uploads\/2024\/07\/amlo-10.jpg 460w, https:\/\/www.diarioimagen.net\/wp-content\/uploads\/2024\/07\/amlo-10-240x141.jpg 240w\" sizes=\"auto, (max-width: 460px) 100vw, 460px\" \/><\/a><p id=\"caption-attachment-627427\" class=\"wp-caption-text\">Andr\u00e9s Manuel L\u00f3pez Obrador desestim\u00f3 el impacto que tendr\u00e1 en M\u00e9xico el anuncio de Elon Musk de suspender su inversi\u00f3n en una planta deTesla en Nuevo Le\u00f3n.<\/p><\/div>\n<p>&nbsp;<\/p>\n<p>El presidente Andr\u00e9s Manuel L\u00f3pez Obrador desestim\u00f3 el impacto que tendr\u00e1 el anuncio del multimillonario Elon Musk de suspender la inversi\u00f3n de la automotriz Tesla en Nuevo Le\u00f3n, bas\u00e1ndose en las declaraciones del candidato republicano Donald Trump de restringir la importaci\u00f3n de veh\u00edculos provenientes de M\u00e9xico, si gana las elecciones.<\/p>\n<p>El primer mandatario advirti\u00f3 que el empresario estadounidense pudo haber utilizado el anuncio de una nueva planta en Santa Catarina, en Nuevo Le\u00f3n, para especular y generar ganancias.<\/p>\n<p>L\u00f3pez Obrador agreg\u00f3 que no es serio el anuncio de Musk de frenar la planta en Nuevo Le\u00f3n porque debe tener otro plan de negocio o de hecho ya hizo el negocio especulando.<br \/>\n\u201cEllos toman esa decisi\u00f3n, sostienen que como el Presidente Trump habl\u00f3 de que no se iban a vender los carros que se produzcan en M\u00e9xico en Estados Unidos quieren esperar a que pase la elecci\u00f3n en Estados Unidos para ver si esto no les afecta en el caso que ganara el Presidente Trump, as\u00ed lo entiendo, y que se llevara a la pr\u00e1ctica esta manifestaci\u00f3n de que ya no se van a producir o no se van a comprar en Estados Unidos carros que se produzcan en M\u00e9xico\u201d, dijo. \u201cEsto la verdad no es serio porque no podr\u00edan hacerse los veh\u00edculos que se consumen en Estados Unidos en Estados Unidos, no es porque no tengan capacidad tecnol\u00f3gica y capital, tienen una gran experiencia en producir autom\u00f3viles, sino porque son muy altos sus costos de producci\u00f3n en Estados Unidos, entonces les afectar\u00eda a los consumidores\u201d.<\/p>\n<p>\u201cEsta declaraci\u00f3n del presidente Trump se hace en el marco, como siempre lo hemos dicho aqu\u00ed, de la campa\u00f1a y en las campa\u00f1as hay mucha pasi\u00f3n, mucha ret\u00f3rica, se habla en demas\u00eda, pero no s\u00f3lo en Estados Unidos sino en cualquier pa\u00eds en que hay elecciones\u201d<\/p>\n<p>\u201cYa cuando pasan las elecciones y se constituyen los gobiernos ya es otra cosa\u201d.<\/p>\n<p>\u201cPor eso les digo que no es serio, deben de tener ellos otro plan de negocio, o ya hicieron el negocio porque tambi\u00e9n estas empresas muchas veces no producen sino especulan, dan a conocer una noticia y les va muy bien en las bolsas de valores, aumentan el precio de sus acciones y ya la producci\u00f3n pasa a un segundo plano, es un mal que estamos padeciendo en estos tiempos en el mundo, porque pues eso no le da solidez al progreso de las naciones\u201d.<\/p>\n<p>\u201cNo se puede avanzar con pasos firmes si no hay producci\u00f3n y hay empleos, la especulaci\u00f3n financiera no es realmente signo de prosperidad, es una forma de especular y obtener dinero sin producir\u201d.<\/p>\n<p>\u201cNo se crean mucho lo que se dice en las campa\u00f1as\u201d, se\u00f1al\u00f3 L\u00f3pez Obrador, al tiempo que afirm\u00f3 que Elon Musk debe saber c\u00f3mo son los discursos en las campa\u00f1as.<\/p>\n<p style=\"text-align: center;\"><strong>Env\u00eda carta a Trump<\/strong><\/p>\n<p>Por otro lado, el Presidente dio a conocer una carta que le envi\u00f3 al candidato presidencial republicano, Donald Trump, en el que plantea que un cierre de la frontera impactar\u00eda a una regi\u00f3n que se considera por s\u00ed sola (entre Texas, California, Nuevo M\u00e9xico y Arizona, as\u00ed como los seis estados fronterizos mexicanos) como la cuarta econom\u00eda mundial pues impactar\u00eda cruces de un mill\u00f3n de personas y 300 mil veh\u00edculos.<\/p>\n","protected":false},"excerpt":{"rendered":"<p>El presidente Andr\u00e9s Manuel L\u00f3pez Obrador desestim\u00f3 el impacto que tendr\u00e1 el anuncio del multimillonario Elon Musk de suspender la inversi\u00f3n de la automotriz Tesla en Nuevo Le\u00f3n, bas\u00e1ndose en las declaraciones del candidato republicano Donald Trump de restringir la importaci\u00f3n de veh\u00edculos provenientes de M\u00e9xico, si gana las elecciones.<\/p>\n","protected":false},"author":3,"featured_media":627427,"comment_status":"open","ping_status":"open","sticky":false,"template":"","format":"standard","meta":{"_monsterinsights_skip_tracking":false,"_monsterinsights_sitenote_active":false,"_monsterinsights_sitenote_note":"","_monsterinsights_sitenote_category":0,"footnotes":""},"categories":[3],"tags":[2545,45130,97436],"class_list":["post-627395","post","type-post","status-publish","format-standard","has-post-thumbnail","hentry","category-nacional","tag-amlo","tag-suspension","tag-tesla"],"_links":{"self":[{"href":"https:\/\/www.diarioimagen.net\/index.php?rest_route=\/wp\/v2\/posts\/627395","targetHints":{"allow":["GET"]}}],"collection":[{"href":"https:\/\/www.diarioimagen.net\/index.php?rest_route=\/wp\/v2\/posts"}],"about":[{"href":"https:\/\/www.diarioimagen.net\/index.php?rest_route=\/wp\/v2\/types\/post"}],"author":[{"embeddable":true,"href":"https:\/\/www.diarioimagen.net\/index.php?rest_route=\/wp\/v2\/users\/3"}],"replies":[{"embeddable":true,"href":"https:\/\/www.diarioimagen.net\/index.php?rest_route=%2Fwp%2Fv2%2Fcomments&post=627395"}],"version-history":[{"count":0,"href":"https:\/\/www.diarioimagen.net\/index.php?rest_route=\/wp\/v2\/posts\/627395\/revisions"}],"wp:featuredmedia":[{"embeddable":true,"href":"https:\/\/www.diarioimagen.net\/index.php?rest_route=\/wp\/v2\/media\/627427"}],"wp:attachment":[{"href":"https:\/\/www.diarioimagen.net\/index.php?rest_route=%2Fwp%2Fv2%2Fmedia&parent=627395"}],"wp:term":[{"taxonomy":"category","embeddable":true,"href":"https:\/\/www.diarioimagen.net\/index.php?rest_route=%2Fwp%2Fv2%2Fcategories&post=627395"},{"taxonomy":"post_tag","embeddable":true,"href":"https:\/\/www.diarioimagen.net\/index.php?rest_route=%2Fwp%2Fv2%2Ftags&post=627395"}],"curies":[{"name":"wp","href":"https:\/\/api.w.org\/{rel}","templated":true}]}}