{"id":627696,"date":"2024-07-29T00:04:38","date_gmt":"2024-07-29T06:04:38","guid":{"rendered":"https:\/\/www.diarioimagen.net\/?p=627696"},"modified":"2024-07-30T01:14:58","modified_gmt":"2024-07-30T07:14:58","slug":"deporte-y-matematicas-combinacion-explosiva-en-el-atletismo-francisco-mejia-mondragon","status":"publish","type":"post","link":"https:\/\/www.diarioimagen.net\/?p=627696","title":{"rendered":"Deporte y matem\u00e1ticas, combinaci\u00f3n explosiva en el atletismo: Francisco Mej\u00eda Mondrag\u00f3n"},"content":{"rendered":"<p>&nbsp;<\/p>\n<div id=\"attachment_627787\" style=\"width: 470px\" class=\"wp-caption aligncenter\"><a href=\"https:\/\/www.diarioimagen.net\/?attachment_id=627787\" rel=\"attachment wp-att-627787\"><img loading=\"lazy\" decoding=\"async\" aria-describedby=\"caption-attachment-627787\" class=\"size-full wp-image-627787\" src=\"https:\/\/www.diarioimagen.net\/wp-content\/uploads\/2024\/07\/uaem-deporte-y-matematicas.jpg\" alt=\"\" width=\"460\" height=\"270\" srcset=\"https:\/\/www.diarioimagen.net\/wp-content\/uploads\/2024\/07\/uaem-deporte-y-matematicas.jpg 460w, https:\/\/www.diarioimagen.net\/wp-content\/uploads\/2024\/07\/uaem-deporte-y-matematicas-240x141.jpg 240w\" sizes=\"auto, (max-width: 460px) 100vw, 460px\" \/><\/a><p id=\"caption-attachment-627787\" class=\"wp-caption-text\">El estudiante de la Facultad de Contadur\u00eda y Administraci\u00f3n explic\u00f3 que el uso de la estad\u00edstica que se lleva en su carrera, le permiti\u00f3 crear estrategias midiendo tiempos y distancias.<\/p><\/div>\n<p>&nbsp;<\/p>\n<p><strong>Toluca, Estado de M\u00e9xico.\u2014<\/strong> Francisco Mej\u00eda Mondrag\u00f3n, estudiante de la Facultad de Contadur\u00eda y Administraci\u00f3n de la Universidad Aut\u00f3noma del Estado de M\u00e9xico (UAEM\u00e9x), gan\u00f3 medalla de plata en la prueba de 10,000 metros planos dentro de la Universiada Nacional Aguascalientes 2024.<\/p>\n<p>\u201cFue un reto poder prepararme en tres semanas para conseguir esta medalla y es un orgullo, por ser una prueba donde participan grandes universidades y competir con ellos\u201d, explic\u00f3 el estudiante de noveno semestre de la Licenciatura en Contadur\u00eda.<\/p>\n<p>Mej\u00eda Mondrag\u00f3n, quien inici\u00f3 a especializarse en el atletismo en las modalidades de fondo y medio fondo, distancia de 1,500, 5,000, 10,000 metros y marat\u00f3n desde los 19 a\u00f1os, consider\u00f3 que haberse colocado en segundo lugar y ganar medalla de plata fue resultado de la disciplina y el entusiasmo con el que realiza el deporte que le apasiona. \u201cSiempre he tenido la iniciativa por hacer cosas extras en los entrenamientos y con la mejor actitud\u201d, afirm\u00f3 el medallista Francisco Mej\u00eda.<\/p>\n<p>Combinar su carrera de Contadur\u00eda con el atletismo le represent\u00f3 no solo retos, sino tambi\u00e9n oportunidades para su desarrollo deportivo. \u201cCon la parte estad\u00edstica que se lleva en mi carrera puedo visualizar y crear estrategias para mis pr\u00f3ximas competencias, midiendo tiempos y distancias\u201d, apunt\u00f3.<\/p>\n<p>Paco, como tambi\u00e9n es conocido, comparte que su gusto por el deporte comenz\u00f3 jugando f\u00fatbol, pero se inclin\u00f3 por el atletismo. Su participaci\u00f3n en la Universiada Nacional 2022, que se realiz\u00f3 en Ciudad Ju\u00e1rez, le represent\u00f3 un salto importante en su carrera como atleta, ya que obtuvo medallas de plata y bronce.<\/p>\n<p>El trabajo que ha hecho junto con su entrenador, Rodolfo G\u00f3mez Orozco, lo califica de excelente, por lo que mediante su apoyo buscar\u00e1 seguir mejorando sus marcas.<\/p>\n<p>Concluy\u00f3 que valores como disciplina, honestidad, motivaci\u00f3n y entusiasmo son los principales para desarrollarse en el \u00e1mbito deportivo, pero tambi\u00e9n en el profesional. Invit\u00f3 a las nuevas generaciones a no tener miedo, que se atrevan hacerlo, por m\u00e1s lejos que se vea el objetivo, siempre llega, y pensar la posibilidad de participar en unos Juegos Panamericanos y hasta Ol\u00edmpicos.<\/p>\n","protected":false},"excerpt":{"rendered":"<p>Francisco Mej\u00eda Mondrag\u00f3n, estudiante de la Facultad de Contadur\u00eda y Administraci\u00f3n de la Universidad Aut\u00f3noma del Estado de M\u00e9xico (UAEM\u00e9x), gan\u00f3 medalla de plata en la prueba de 10,000 metros planos dentro de la Universiada Nacional Aguascalientes 2024.<\/p>\n","protected":false},"author":3,"featured_media":627787,"comment_status":"open","ping_status":"open","sticky":false,"template":"","format":"standard","meta":{"_monsterinsights_skip_tracking":false,"_monsterinsights_sitenote_active":false,"_monsterinsights_sitenote_note":"","_monsterinsights_sitenote_category":0,"footnotes":""},"categories":[5],"tags":[43680,43675,452,67878,72989],"class_list":["post-627696","post","type-post","status-publish","format-standard","has-post-thumbnail","hentry","category-estado-de-mexico","tag-deportes","tag-estado-de-mexico","tag-toluca","tag-uaemex","tag-universiada-nacional"],"_links":{"self":[{"href":"https:\/\/www.diarioimagen.net\/index.php?rest_route=\/wp\/v2\/posts\/627696","targetHints":{"allow":["GET"]}}],"collection":[{"href":"https:\/\/www.diarioimagen.net\/index.php?rest_route=\/wp\/v2\/posts"}],"about":[{"href":"https:\/\/www.diarioimagen.net\/index.php?rest_route=\/wp\/v2\/types\/post"}],"author":[{"embeddable":true,"href":"https:\/\/www.diarioimagen.net\/index.php?rest_route=\/wp\/v2\/users\/3"}],"replies":[{"embeddable":true,"href":"https:\/\/www.diarioimagen.net\/index.php?rest_route=%2Fwp%2Fv2%2Fcomments&post=627696"}],"version-history":[{"count":0,"href":"https:\/\/www.diarioimagen.net\/index.php?rest_route=\/wp\/v2\/posts\/627696\/revisions"}],"wp:featuredmedia":[{"embeddable":true,"href":"https:\/\/www.diarioimagen.net\/index.php?rest_route=\/wp\/v2\/media\/627787"}],"wp:attachment":[{"href":"https:\/\/www.diarioimagen.net\/index.php?rest_route=%2Fwp%2Fv2%2Fmedia&parent=627696"}],"wp:term":[{"taxonomy":"category","embeddable":true,"href":"https:\/\/www.diarioimagen.net\/index.php?rest_route=%2Fwp%2Fv2%2Fcategories&post=627696"},{"taxonomy":"post_tag","embeddable":true,"href":"https:\/\/www.diarioimagen.net\/index.php?rest_route=%2Fwp%2Fv2%2Ftags&post=627696"}],"curies":[{"name":"wp","href":"https:\/\/api.w.org\/{rel}","templated":true}]}}