{"id":627707,"date":"2024-07-29T00:02:37","date_gmt":"2024-07-29T06:02:37","guid":{"rendered":"https:\/\/www.diarioimagen.net\/?p=627707"},"modified":"2024-07-29T01:18:14","modified_gmt":"2024-07-29T07:18:14","slug":"delfina-gomez-otorga-aumento-salarial-a-agremiados-del-suteym","status":"publish","type":"post","link":"https:\/\/www.diarioimagen.net\/?p=627707","title":{"rendered":"Delfina G\u00f3mez otorga aumento salarial a agremiados del SUTEyM"},"content":{"rendered":"<p>&nbsp;<\/p>\n<h2 style=\"text-align: center;\">Firma de convenio de sueldos y prestaciones<\/h2>\n<p>&nbsp;<\/p>\n<ul>\n<li><strong><em>La mandataria estatal destaca la creaci\u00f3n de nuevas cl\u00e1usulas en beneficio de trabajadores<\/em><\/strong><\/li>\n<\/ul>\n<p><strong>\u00a0<\/strong><\/p>\n<div id=\"attachment_627829\" style=\"width: 470px\" class=\"wp-caption aligncenter\"><a href=\"https:\/\/www.diarioimagen.net\/?attachment_id=627829\" rel=\"attachment wp-att-627829\"><img loading=\"lazy\" decoding=\"async\" aria-describedby=\"caption-attachment-627829\" class=\"size-full wp-image-627829\" src=\"https:\/\/www.diarioimagen.net\/wp-content\/uploads\/2024\/07\/delfina-gomez-otorga.jpg\" alt=\"\" width=\"460\" height=\"270\" srcset=\"https:\/\/www.diarioimagen.net\/wp-content\/uploads\/2024\/07\/delfina-gomez-otorga.jpg 460w, https:\/\/www.diarioimagen.net\/wp-content\/uploads\/2024\/07\/delfina-gomez-otorga-240x141.jpg 240w\" sizes=\"auto, (max-width: 460px) 100vw, 460px\" \/><\/a><p id=\"caption-attachment-627829\" class=\"wp-caption-text\">La gobernadora del Estado de M\u00e9xico, Delfina G\u00f3mez \u00c1lvarez, encabez\u00f3 la Firma de Convenio de Sueldos y Prestaciones SUTEyM 2024.<\/p><\/div>\n<p>&nbsp;<\/p>\n<p><strong>Toluca, Estado de M\u00e9xico.\u2014<\/strong> Al encabezar la Firma de Convenio de Sueldos y Prestaciones SUTEyM 2024 la gobernadora Delfina G\u00f3mez \u00c1lvarez se\u00f1al\u00f3 que, con este documento, considera un incremento salarial para los 80 mil agremiados y se crean nuevas cl\u00e1usulas como la Gratificaci\u00f3n para el Bienestar y construcci\u00f3n de un Centro Funerario en el Valle de M\u00e9xico.<\/p>\n<p>\u201cEstos logros y estas prestaciones, de verdad que es poco de lo que ustedes merecen, est\u00e9n seguros que no es una dadiva, es algo que ustedes merecen y que ustedes han luchado por muchos a\u00f1os, felicito a cada servidor p\u00fablico, de los 125 municipios, por su contribuci\u00f3n para una administraci\u00f3n p\u00fablica m\u00e1s humana y m\u00e1s honesta, la transformaci\u00f3n que vive nuestro estado es colaborativa, respetuosa, basada en el compromiso, basada en la cooperaci\u00f3n por encima de intereses personales o de grupos que vayan en contra de los valores del servicio p\u00fablico\u201d, destac\u00f3 la Gobernadora Delfina G\u00f3mez \u00c1lvarez.<\/p>\n<p>La mandataria estatal se\u00f1al\u00f3 que tambi\u00e9n se refuerzan las prestaciones de los servidores p\u00fablicos, especialmente quienes tiene sueldos bajos, como son la gratificaci\u00f3n por productividad, gratificaci\u00f3n para compra de \u00fatiles escolares, gastos de transporte, prima por jubilaci\u00f3n, seguro de vida, entre otras.<\/p>\n<p>Como parte de este acto de justicia social para la base trabajadora de la entidad, la Gobernadora Delfina G\u00f3mez \u00c1lvarez destac\u00f3 la labor que realizan todos los d\u00edas por el bienestar de las y los mexiquenses, por ello, indic\u00f3 que este convenio y sus beneficios forman parte de un reconocimiento a los servidores p\u00fablicos mejorando sus condiciones y calidad de vida.<\/p>\n<p>En su intervenci\u00f3n, Trinidad Franco Arpero, titular de la Oficial\u00eda Mayor se\u00f1al\u00f3 que por primera vez, un titular del Gobierno del Estado de M\u00e9xico encabeza la firma de este convenio, y agreg\u00f3 que las negociaciones que se llevaron a cabo con el Suteym, tuvieron como objetivo que todas las familias de los agremiados a este sindicato se vean beneficiadas.<\/p>\n<p>Por su parte, el l\u00edder del SUTEyM, Herminio Cahue Calder\u00f3n, destac\u00f3 que esta organizaci\u00f3n se suma a la filosof\u00eda del Poder de Servir a la gente, y quienes forman parte de este sindicato y laboran en los Poderes Ejecutivo, Legislativo y Judicial, as\u00ed como Ayuntamientos y Organismos P\u00fablicos Descentralizados, reiteran su compromiso de trabajar de la mano con la Gobernadora Delfina G\u00f3mez \u00c1lvarez, quien, dijo, da muestras de su inter\u00e9s, por buscar mejoras en las condiciones de trabajo.<\/p>\n","protected":false},"excerpt":{"rendered":"<p>Al encabezar la Firma de Convenio de Sueldos y Prestaciones SUTEyM 2024 la gobernadora Delfina G\u00f3mez \u00c1lvarez se\u00f1al\u00f3 que, con este documento, considera un incremento salarial para los 80 mil agremiados y se crean nuevas cl\u00e1usulas como la Gratificaci\u00f3n para el Bienestar y construcci\u00f3n de un Centro Funerario en el Valle de M\u00e9xico.<\/p>\n","protected":false},"author":3,"featured_media":627829,"comment_status":"open","ping_status":"open","sticky":false,"template":"","format":"standard","meta":{"_monsterinsights_skip_tracking":false,"_monsterinsights_sitenote_active":false,"_monsterinsights_sitenote_note":"","_monsterinsights_sitenote_category":0,"footnotes":""},"categories":[5],"tags":[84978,57859,2572],"class_list":["post-627707","post","type-post","status-publish","format-standard","has-post-thumbnail","hentry","category-estado-de-mexico","tag-agremiados","tag-delfina-gomez-alvarez","tag-suteym"],"_links":{"self":[{"href":"https:\/\/www.diarioimagen.net\/index.php?rest_route=\/wp\/v2\/posts\/627707","targetHints":{"allow":["GET"]}}],"collection":[{"href":"https:\/\/www.diarioimagen.net\/index.php?rest_route=\/wp\/v2\/posts"}],"about":[{"href":"https:\/\/www.diarioimagen.net\/index.php?rest_route=\/wp\/v2\/types\/post"}],"author":[{"embeddable":true,"href":"https:\/\/www.diarioimagen.net\/index.php?rest_route=\/wp\/v2\/users\/3"}],"replies":[{"embeddable":true,"href":"https:\/\/www.diarioimagen.net\/index.php?rest_route=%2Fwp%2Fv2%2Fcomments&post=627707"}],"version-history":[{"count":0,"href":"https:\/\/www.diarioimagen.net\/index.php?rest_route=\/wp\/v2\/posts\/627707\/revisions"}],"wp:featuredmedia":[{"embeddable":true,"href":"https:\/\/www.diarioimagen.net\/index.php?rest_route=\/wp\/v2\/media\/627829"}],"wp:attachment":[{"href":"https:\/\/www.diarioimagen.net\/index.php?rest_route=%2Fwp%2Fv2%2Fmedia&parent=627707"}],"wp:term":[{"taxonomy":"category","embeddable":true,"href":"https:\/\/www.diarioimagen.net\/index.php?rest_route=%2Fwp%2Fv2%2Fcategories&post=627707"},{"taxonomy":"post_tag","embeddable":true,"href":"https:\/\/www.diarioimagen.net\/index.php?rest_route=%2Fwp%2Fv2%2Ftags&post=627707"}],"curies":[{"name":"wp","href":"https:\/\/api.w.org\/{rel}","templated":true}]}}