{"id":627758,"date":"2024-07-29T00:12:26","date_gmt":"2024-07-29T06:12:26","guid":{"rendered":"https:\/\/www.diarioimagen.net\/?p=627758"},"modified":"2024-07-29T00:16:24","modified_gmt":"2024-07-29T06:16:24","slug":"simple-amlo-exige-necesita-la-sobrerrepresentacion-para-imponerse","status":"publish","type":"post","link":"https:\/\/www.diarioimagen.net\/?p=627758","title":{"rendered":"Simple: AMLO exige, necesita la\u00a0sobrerrepresentaci\u00f3n para\u00a0imponerse"},"content":{"rendered":"<h2>Tras la puerta del poder<\/h2>\n<h5>Roberto Vizca\u00edno<\/h5>\n<p>&nbsp;<\/p>\n<p>Los constitucionalistas m\u00e1s reconocidos, como <strong>Diego Valad\u00e9s<\/strong> y muchos m\u00e1s como \u00e9l, lo advierten: si el presidente <strong>Andr\u00e9s Manuel L\u00f3pez Obrador<\/strong> y los suyos logran imponer la sobrerrepresentaci\u00f3n del 74% en Diputados y Senadores, estar\u00edamos frente a un real golpe de Estado blando.<\/p>\n<p>\u201cSe denomina <strong>golpe de Estado blando<\/strong>, golpe suave, golpe encubierto o golpe no tradicional al <strong>uso de un conjunto de t\u00e9cnicas no frontales y principalmente no violentas de car\u00e1cter conspirativo, con el fin de desestabilizar a un gobierno y causar su ca\u00edda, sin que parezca que ha sido consecuencia de la acci\u00f3n de otro poder<\/strong>\u201d, describe el polit\u00f3logo estadounidense <strong>Gene Sharp.<\/strong><\/p>\n<p>Esto mismo es lo que est\u00e1 en curso en M\u00e9xico, digo yo, para la anulaci\u00f3n de los 3 poderes de la Uni\u00f3n que integran la Rep\u00fablica, y el surgimiento de una tiran\u00eda en la que todo lo dem\u00e1s estar\u00eda bajo la voluntad de una sola persona.<\/p>\n<p>Todo ello bajo la mayor indolencia de una mayor\u00eda de mexicanos que ni entienden ni les interesa saber de que trata el debate por la sobrerrepresentaci\u00f3n legislativa.<\/p>\n<p>Una condici\u00f3n que la mayor\u00eda de los consejeros del INE y de magistrados del mermado e incompleto Tribunal Electoral pareciera est\u00e1n a punto de entregar a <strong>AMLO<\/strong> y su brazo pol\u00edtico\u2014electoral y legislativo representado por Morena, PT y Verde en una abierta e inconstitucional determinaci\u00f3n c\u00f3mplice con el mandatario que le cobrar\u00e1 a cada uno la Historia.<\/p>\n<p>El mandatario y los suyos se aprovechan de la indiferencia e incomprensi\u00f3n de la mayor\u00eda de los mexicanos respecto de lo que se debate y est\u00e1 en curso.<\/p>\n<p>Una masa que vot\u00f3 por ellos y no comprende ni le interesa saber, y ven con el mayor desenfado y desapego el que <strong>AMLO<\/strong> y los suyos reclaman \u2014y ya casi logran\u2014 imponer una sobrerrepresentaci\u00f3n legislativa que les d\u00e9 en autom\u00e1tico y en forma inconstitucional mayor\u00edas calificadas para modificar la Constituci\u00f3n, incluso hasta la desaparici\u00f3n de la Rep\u00fablica, las libertades y el Estado de Derecho.<\/p>\n<p>Para lograrlo, hoy <strong>AMLO<\/strong> y los suyos distorsionan lo que indican los art\u00edculos 54 y 56 de la Constituci\u00f3n que advierten que ning\u00fan partido, coalici\u00f3n o fuerza pueden tener m\u00e1s de 300 diputados y que si participaron en una elecci\u00f3n como coalici\u00f3n no pueden reclamar para cada uno el 8% del reparto de los 200 plurinominales.<\/p>\n<p>El que <strong>AMLO<\/strong> y su brazo electoral integrado por Morena, PT y Verde quieran obtener con 54% de votos el 74% de diputados y Senadores, afirma el constitucionalista <strong>Diego Valad\u00e9s<\/strong> \u2014junto a decenas m\u00e1s de expertos\u2014 es alterar absolutamente lo que indica la Constituci\u00f3n. Lo es m\u00e1s cuando repartir como quieren los 200 pluris \u2014manipulando y distorsionando lo que mandatan los art\u00edculos 54 y 56\u2014, deja a la oposici\u00f3n que alcanz\u00f3 el 44% de la votaci\u00f3n con apenas el 24% de diputados y Senadores.<\/p>\n<p>\u201cLa Constituci\u00f3n tambi\u00e9n le da derechos a las minor\u00edas de acuerdo a una reforma que se hizo hace 30 a\u00f1os, en 1994\u2026 En ning\u00fan momento previ\u00f3\u2026 que una sola organizaci\u00f3n o fuerza pudiera tener el 74% de la representaci\u00f3n\u2026 \u00a1es escandaloso!\u201d, indica <strong>Valad\u00e9s<\/strong>.<\/p>\n<p>No le demos vueltas: es el m\u00e1s avanzado intento de dar <strong><em>un Golpe de Estado blando<\/em><\/strong>, como lo describe crudamente el polit\u00f3logo estadounidense <strong>Gene Sharp. Ni m\u00e1s ni menos.<\/strong><\/p>\n<p style=\"text-align: center;\"><strong>Mientras, la vida sigue<\/strong><\/p>\n<p>Y en este contexto, la Asociaci\u00f3n Mexicana de Profesionales Inmobiliarios, A.C. y la C\u00e1mara Mexicana de la Industria de la Construcci\u00f3n firmaron un acuerdo para construir y comercializar viviendas, centros comerciales, oficinas, habitaciones de hotel y naves industriales como un paso para fortalecer al pa\u00eds y al sector.<\/p>\n<p>Al suscribir este acuerdo, <strong>Emilio Rojas Cobi\u00e1n<\/strong> y <strong>Luis Rafael M\u00e9ndez Jaled, <\/strong>presidentes de ambos organismos se indic\u00f3 que \u201cen los pr\u00f3ximos 15 a\u00f1os se tiene proyectado que se duplicar\u00e1 el PIB en este sector a trav\u00e9s de la construcci\u00f3n de al menos 19 millones de viviendas, 30 millones de metros cuadrados comerciales, 20 millones de metros cuadrados de oficinas, 260 mil habitaciones de hotel y entre 60 y 100 millones de metros cuadrados industriales\u201d.<\/p>\n<p>Seg\u00fan datos de Sedatu, dijeron, s\u00f3lo en 629 municipios de los 2,446 existentes en el pa\u00eds, es decir, en el 25.5% del sector municipal, se cuenta con un Plan de Desarrollo Urbano, mientras que el 58.1% de las Zonas Metropolitanas, el 7.6% de las conurbaciones y el 5.1% de los centros urbanos cuentan con Institutos de Planeaci\u00f3n.<\/p>\n<p style=\"text-align: center;\"><strong>Carrillo Puerto, al muro de honor del Senado<\/strong><\/p>\n<p>Una parte esencial de cada Naci\u00f3n, son sus h\u00e9roes y personajes trascedentes sin quienes no podr\u00eda explicarse la existencia de cada pa\u00eds.<\/p>\n<p>Esto fue lo que se honr\u00f3 al inscribir el nombre de <strong>Felipe Carrillo Puerto<\/strong> y de <strong>Elvia Carrillo Puerto<\/strong> en el muro de Honor del Senado, en la presidencia de la tlaxcalteca <strong>Ana Lilia Rivera<\/strong>, quien record\u00f3:<\/p>\n<p>\u201cCon esta ceremonias honramos a personajes destacados en la historia de nuestro pa\u00eds y rescatamos eventos heroicos que han contribuido significativamente a la construcci\u00f3n de nuestra naci\u00f3n.<\/p>\n<p>\u201cEn esta ocasi\u00f3n honramos los nombres de las dos figuras que se inscriben en nuestro Muro de Honor y que han dejado una huella imborrable en la lucha por los derechos de las personas m\u00e1s desprotegidas de nuestro pa\u00eds\u201d.<\/p>\n<p>El reconocimiento se debi\u00f3 a la promoci\u00f3n de la senadora <strong>Ver\u00f3nica Noem\u00ed Camino Farjat<\/strong> y el senador <strong>Ra\u00fal Paz Alonso<\/strong>, quienes con el apoyo de 59 senadoras y senadores lograron esta inscripci\u00f3n.<\/p>\n<p>En el caso de <strong>Felipe Carrillo Puerto,<\/strong> destaca que desde muy joven se involucr\u00f3 en actividades de apoyo a las reivindicaciones del pueblo maya y muri\u00f3 fusilado en M\u00e9rida, Yucat\u00e1n, el 3 de enero de 1924 y es llamado \u201cAp\u00f3stol Rojo de los Mayas\u201d.<\/p>\n<p><strong>Elvia,<\/strong> por su parte, combati\u00f3 contra la desigualdad de g\u00e9nero y en 1912 fund\u00f3 la primer Organizaci\u00f3n Femenina de Campesinas y luego las Ligas de Resistencia Feministas, llamando a las mujeres a organizarse y a apoyarse en temas urgentes, como el derecho al voto, el control de natalidad y la b\u00fasqueda de la libertad, entre otros.<\/p>\n<p><em>La Monja Roja<\/em>, como se le conoc\u00eda, fue elegida en 1923 como diputada municipal de su natal Yucat\u00e1n.<\/p>\n<p><em><a href=\"mailto:rvizcainoa@gmail.com\" target=\"_blank\" rel=\"noopener noreferrer\">vizcainoa@gmail.com<\/a><a href=\"mailto:rvizcainoa@gmail.com\" target=\"_blank\" rel=\"noopener noreferrer\"><br \/>\n<\/a><a href=\"https:\/\/twitter.com\/_rvizcaino\" target=\"_blank\" rel=\"noopener noreferrer\">@_RVizcaino<\/a><a href=\"mailto:rvizcainoa@gmail.com\" target=\"_blank\" rel=\"noopener noreferrer\"><br \/>\n<\/a><a href=\"https:\/\/www.facebook.com\/rvizcainoa\" target=\"_blank\" rel=\"noopener noreferrer\">facebook.com\/rvizcainoa<\/a><\/em><\/p>\n","protected":false},"excerpt":{"rendered":"<p><span style=\"color: #005497;\"><strong>Roberto Vizca\u00edno<\/strong><\/span><\/p>\n","protected":false},"author":3,"featured_media":0,"comment_status":"open","ping_status":"open","sticky":false,"template":"","format":"standard","meta":{"_monsterinsights_skip_tracking":false,"_monsterinsights_sitenote_active":false,"_monsterinsights_sitenote_note":"","_monsterinsights_sitenote_category":0,"footnotes":""},"categories":[136],"tags":[43674,93,94],"class_list":["post-627758","post","type-post","status-publish","format-standard","hentry","category-roberto-vizcaino-opinion","tag-opinion","tag-roberto-vizcaino","tag-tras-la-puerta-del-poder"],"_links":{"self":[{"href":"https:\/\/www.diarioimagen.net\/index.php?rest_route=\/wp\/v2\/posts\/627758","targetHints":{"allow":["GET"]}}],"collection":[{"href":"https:\/\/www.diarioimagen.net\/index.php?rest_route=\/wp\/v2\/posts"}],"about":[{"href":"https:\/\/www.diarioimagen.net\/index.php?rest_route=\/wp\/v2\/types\/post"}],"author":[{"embeddable":true,"href":"https:\/\/www.diarioimagen.net\/index.php?rest_route=\/wp\/v2\/users\/3"}],"replies":[{"embeddable":true,"href":"https:\/\/www.diarioimagen.net\/index.php?rest_route=%2Fwp%2Fv2%2Fcomments&post=627758"}],"version-history":[{"count":0,"href":"https:\/\/www.diarioimagen.net\/index.php?rest_route=\/wp\/v2\/posts\/627758\/revisions"}],"wp:attachment":[{"href":"https:\/\/www.diarioimagen.net\/index.php?rest_route=%2Fwp%2Fv2%2Fmedia&parent=627758"}],"wp:term":[{"taxonomy":"category","embeddable":true,"href":"https:\/\/www.diarioimagen.net\/index.php?rest_route=%2Fwp%2Fv2%2Fcategories&post=627758"},{"taxonomy":"post_tag","embeddable":true,"href":"https:\/\/www.diarioimagen.net\/index.php?rest_route=%2Fwp%2Fv2%2Ftags&post=627758"}],"curies":[{"name":"wp","href":"https:\/\/api.w.org\/{rel}","templated":true}]}}