{"id":627762,"date":"2024-07-29T00:09:25","date_gmt":"2024-07-29T06:09:25","guid":{"rendered":"https:\/\/www.diarioimagen.net\/?p=627762"},"modified":"2024-07-29T00:15:40","modified_gmt":"2024-07-29T06:15:40","slug":"el-mayo-y-el-chapito-grave-crisis-con-eu","status":"publish","type":"post","link":"https:\/\/www.diarioimagen.net\/?p=627762","title":{"rendered":"\u201cEl Mayo\u201d y \u201cEl Chapito\u201d, grave\u00a0crisis con EU"},"content":{"rendered":"<h2>Poder y dinero<\/h2>\n<h5>V\u00edctor S\u00e1nchez Ba\u00f1os<\/h5>\n<p>&nbsp;<\/p>\n<ul>\n<li><strong><em>Acab\u00f3 la colaboraci\u00f3n entre pa\u00edses<\/em><\/strong><\/li>\n<li><strong><em>AMLO a\u00fan desconoce pormenores<\/em><\/strong><\/li>\n<li><strong><em>Sin repercusiones, captura de capos<\/em><\/strong><\/li>\n<li><strong><em>Venezuela, oposici\u00f3n, ej\u00e9rcito y pueblo<\/em><\/strong><\/li>\n<li><strong><em>Resultados por la dictadura o libertad<\/em><\/strong><\/li>\n<li><strong><em>BMV ense\u00f1a a j\u00f3venes c\u00f3mo invertir<\/em><\/strong><\/li>\n<\/ul>\n<p>&nbsp;<\/p>\n<p style=\"text-align: right;\"><em>Es mejor arriesgarse a salvar a un culpable que condenar a un inocente<br \/>\n<\/em><strong>Voltaire<\/strong> (1694-1778) Fil\u00f3sofo y escritor franc\u00e9s<\/p>\n<p>&nbsp;<\/p>\n<p>Despu\u00e9s de analizar la captura o rendici\u00f3n de Ismael <em>El Mayo<\/em> Zambada, l\u00edder de la organizaci\u00f3n criminal m\u00e1s importante del mundo, y de Joaqu\u00edn Guzm\u00e1n L\u00f3pez, hijo de Joaqu\u00edn <em>El Chapo<\/em> Guzm\u00e1n, el jueves 25 de julio pasado, augura momentos muy complicados en las v\u00edsperas del t\u00e9rmino del gobierno de Andr\u00e9s Manuel L\u00f3pez Obrador.<\/p>\n<p>Seg\u00fan los hechos que se han conocido, ambos fueron detenidos al llegar a un aeropuerto cercano a El Paso, Texas. El abogado de <em>El Mayo<\/em> habla de una traici\u00f3n de Guzm\u00e1n L\u00f3pez. La aeronave parti\u00f3 de Hermosillo y fue un bimotor que ha sido videograbado por medios locales, aunque la secretaria de Seguridad P\u00fablica dijo que era un Cessna monomotor de matr\u00edcula de Estados Unidos<\/p>\n<p><em>El Mayo<\/em>, en sus primeras declaraciones, afirma que es inocente de los delitos que lo acusan en Estados Unidos. No se tienen mayores datos de <em>El Chapito<\/em>, excepto una nota publicada por el <em>WSJ<\/em>, <em>NYT<\/em> y <em>LA Times<\/em>, que habla de una entrega \u201cacordada\u201d y de \u201ctraiciones\u201d.<\/p>\n<p>Aqu\u00ed, en unos puntos, algunos an\u00e1lisis de lo que se sabe hasta el momento:<\/p>\n<p><strong>1.-<\/strong> El gobierno de L\u00f3pez Obrador, como reconoci\u00f3 en su ma\u00f1anera el viernes siguiente, supo despu\u00e9s de las 16 horas del jueves, unas 6 horas despu\u00e9s de la captura. No fueron informadas las autoridades mexicanas sobre la operaci\u00f3n que aparentemente realiz\u00f3 el FBI. Se estima que fue tomado preso en M\u00e9xico.<\/p>\n<p><strong>2.-<\/strong> La secretaria Rosa Isela Rodr\u00edguez no tuvo mayor informaci\u00f3n a pesar que la solicit\u00f3 al gobierno de Estados Unidos y al Embajador Ken Salazar, quien s\u00f3lo les confirm\u00f3 los hechos generales, sin ofrecer detalles. El esfuerzo de Rosa Icela no fue suficiente, ya que no cont\u00f3 con el apoyo del fiscal General, Alejandro Gertz.<\/p>\n<p><strong>3.-<\/strong> Existe una mala relaci\u00f3n entre el gobierno de AMLO con la agencia antidrogas de Estados Unidos, la DEA. Les quit\u00f3 inmunidad, sus pasaportes diplom\u00e1ticos y les impidi\u00f3 el uso de armas en territorio nacional. Adem\u00e1s, les quit\u00f3 un hangar que ten\u00edan en el aeropuerto de Guadalajara, lo que generado fricciones con esa oficina.<\/p>\n<p><strong>4.-<\/strong> La operaci\u00f3n debi\u00f3 haberse hecho sin informar al gobierno de L\u00f3pez Obrador, lo que implica la desconfianza en el manejo de informaci\u00f3n de inteligencia que manejan m\u00e1s all\u00e1 del R\u00edo Bravo.<\/p>\n<p><strong>5.-<\/strong> A\u00fan se desconocen datos precisos de la captura y si se viol\u00f3 la soberan\u00eda nacional, lo que tanto defiende AMLO.<\/p>\n<p><strong>6.-<\/strong> Sin embargo, sabe que esto tiene implicaciones pol\u00edticas, diplom\u00e1ticas y judiciales entre ambos pa\u00edses. <em>El Mayo<\/em> y <em>El Chapito<\/em> conocen de complicades con autoridades mexicanas y del dinero que grupos de delincuencia tienen con partidos y pol\u00edticos. Ambos podr\u00edan convertirse en testigos protegidos de EU y poner en jaque a las autoridades de este lado de la frontera.<\/p>\n<p><strong>7.-<\/strong> Las relaciones entre ambas naciones son r\u00edspidas, ya que la captura no se hizo en cooperaci\u00f3n y, por el contrario, se hizo en territorio nacional sin la autorizaci\u00f3n de las autoridades mexicanas. No debemos olvidar que Estados Unidos est\u00e1 en campa\u00f1as electorales y esta captura viste a los dem\u00f3cratas e impulsar\u00edan a la candidata Kamala Harris.<\/p>\n<p><strong>8.-<\/strong> Al no tener una cabeza visible la organizaci\u00f3n de <em>El Mayo<\/em>, tendr\u00e1 que seleccionar a un nuevo l\u00edder que organice un negocio que podr\u00eda ser de m\u00e1s de 10 mil millones de d\u00f3lares al a\u00f1o. Esto podr\u00eda darse en un maro violento, lo que no ha ocurrido hasta el momento.<\/p>\n<p><strong>9.-<\/strong> En M\u00e9xico, la pr\u00f3xima presidenta Claudia Sheinbaum, tendr\u00e1 que revisar la pol\u00edtica de colaboraci\u00f3n en materia de crimen, con el gobierno de quien gane los comicios del pr\u00f3ximo 5 de noviembre.<\/p>\n<p><strong>10.-<\/strong> Adem\u00e1s, no es la primera vez que llegan a M\u00e9xico agentes estadounidenses para apresar a alguno sospechoso de un crimen en territorio del vecino del Norte. Y todo hace indicar que no ser\u00e1 el \u00faltimo, a menos que haya un leal y escrupuloso intercambio de informaci\u00f3n de inteligencia entre ambos pa\u00edses. Lo hubo, pero se deterior\u00f3 con la 4T.<\/p>\n<p>Este tema tendr\u00e1 m\u00e1s implicaciones que a\u00fan no se alcanzan a imaginar.<\/p>\n<p style=\"text-align: center;\"><strong>PODEROSOS CABALLEROS<\/strong><\/p>\n<p><strong>VENEZUELA:<\/strong> Los comicios presidenciales en Venezuela no fueron tersas. Militares afines al gobierno del dictador de ultraizquierda, Nicol\u00e1s Maduro, fueron hostiles contra candidatos opositores y electores. Al momento de redactar esta nota, hab\u00edan pasado casi 3 horas del cierre de casillas y a\u00fan no se ten\u00edan los datos, aunque las encuestas de salida daban un triunfo arrasador del opositor Edmundo Gonz\u00e1lez. A pesar de esto, se aprecia que Maduro estaba resignado a perder. Sin embargo, es importante conocer ver el comportamiento de las fuerzas armadas, que fueron beneficiados por 25 a\u00f1os del chavismo. \u00bfAceptar\u00e1n los resultados contra el oficialismo? \u00bfCeder\u00e1n los inmensos \u201cbeneficios corruptos\u201d que les dej\u00f3 la dictadura? La corrupci\u00f3n, auspiciada por el chavismo, acab\u00f3 con Venezuela. Ma\u00f1ana veremos el fin de izquierdismo latinoamericano.<\/p>\n<p style=\"text-align: center;\"><strong>RESPONSABILIDAD SOCIAL Y GOBERNANZA<\/strong><\/p>\n<p><strong>BMV:<\/strong> Formalmente, el periodo de sucesi\u00f3n de la direcci\u00f3n de la Bolsa Mexicana de Valores, Jos\u00e9-Oriol Bosch se despidi\u00f3 y abri\u00f3 paso a Jorge Alegr\u00eda. Jorge conoce perfectamente el funcionamiento de ese mercado y es uno de los arquitectos del ingreso de medianas empresas al mercado accionario m\u00e1s importante del pa\u00eds. Por cierto, en esta temporada vacacional, busca atraer a j\u00f3venes para que tomen un curso de verano que los impulse a convertirse en inversionistas. La Escuela Bolsa Mexicana, que encabeza Gerardo Aparicio, puso en marcha la octava edici\u00f3n del Verano Financiero. Es un curso de dos semanas para j\u00f3venes de 16 a 19 a\u00f1os.<\/p>\n<p><em><a href=\"mailto:vsb@poderydinero.mx\" target=\"_blank\" rel=\"noopener noreferrer\">vsb@poderydinero.mx<\/a><br \/>\n<a href=\"https:\/\/twitter.com\/vsanchezbanos?lang=es\" target=\"_blank\" rel=\"noopener\">@vsanchezbanos<\/a><\/em><\/p>\n","protected":false},"excerpt":{"rendered":"<p><span style=\"color: #005497;\"><strong>V\u00edctor S\u00e1nchez Ba\u00f1os<\/strong><\/span><\/p>\n","protected":false},"author":3,"featured_media":0,"comment_status":"open","ping_status":"open","sticky":false,"template":"","format":"standard","meta":{"_monsterinsights_skip_tracking":false,"_monsterinsights_sitenote_active":false,"_monsterinsights_sitenote_note":"","_monsterinsights_sitenote_category":0,"footnotes":""},"categories":[38844],"tags":[43674,38847,38848],"class_list":["post-627762","post","type-post","status-publish","format-standard","hentry","category-victor-sanchez-banos","tag-opinion","tag-poder-y-dinero","tag-victor-sanchez-banos"],"_links":{"self":[{"href":"https:\/\/www.diarioimagen.net\/index.php?rest_route=\/wp\/v2\/posts\/627762","targetHints":{"allow":["GET"]}}],"collection":[{"href":"https:\/\/www.diarioimagen.net\/index.php?rest_route=\/wp\/v2\/posts"}],"about":[{"href":"https:\/\/www.diarioimagen.net\/index.php?rest_route=\/wp\/v2\/types\/post"}],"author":[{"embeddable":true,"href":"https:\/\/www.diarioimagen.net\/index.php?rest_route=\/wp\/v2\/users\/3"}],"replies":[{"embeddable":true,"href":"https:\/\/www.diarioimagen.net\/index.php?rest_route=%2Fwp%2Fv2%2Fcomments&post=627762"}],"version-history":[{"count":0,"href":"https:\/\/www.diarioimagen.net\/index.php?rest_route=\/wp\/v2\/posts\/627762\/revisions"}],"wp:attachment":[{"href":"https:\/\/www.diarioimagen.net\/index.php?rest_route=%2Fwp%2Fv2%2Fmedia&parent=627762"}],"wp:term":[{"taxonomy":"category","embeddable":true,"href":"https:\/\/www.diarioimagen.net\/index.php?rest_route=%2Fwp%2Fv2%2Fcategories&post=627762"},{"taxonomy":"post_tag","embeddable":true,"href":"https:\/\/www.diarioimagen.net\/index.php?rest_route=%2Fwp%2Fv2%2Ftags&post=627762"}],"curies":[{"name":"wp","href":"https:\/\/api.w.org\/{rel}","templated":true}]}}