{"id":627859,"date":"2024-07-30T00:01:18","date_gmt":"2024-07-30T06:01:18","guid":{"rendered":"https:\/\/www.diarioimagen.net\/?p=627859"},"modified":"2024-07-30T23:21:55","modified_gmt":"2024-07-31T05:21:55","slug":"ninas-y-ninos-hallados-en-via-publica-cuyo-origen-se-desconoce-deben-ser-entregados-al-ministerio-publico","status":"publish","type":"post","link":"https:\/\/www.diarioimagen.net\/?p=627859","title":{"rendered":"Ni\u00f1as y ni\u00f1os hallados en v\u00eda p\u00fablica cuyo origen se desconoce deben ser entregados al ministerio p\u00fablico"},"content":{"rendered":"<p>&nbsp;<\/p>\n<ul>\n<li><strong><em>As\u00ed lo se\u00f1al\u00f3 el juez Quinto Familiar de Proceso Oral, Jorge Rodr\u00edguez Murillo, quien dijo que se est\u00e1 ante el caso de un menor exp\u00f3sito, dado el desconocimiento de su origen y familia<\/em><\/strong><\/li>\n<\/ul>\n<p>&nbsp;<\/p>\n<div id=\"attachment_627956\" style=\"width: 470px\" class=\"wp-caption aligncenter\"><a href=\"https:\/\/www.diarioimagen.net\/?attachment_id=627956\" rel=\"attachment wp-att-627956\"><img loading=\"lazy\" decoding=\"async\" aria-describedby=\"caption-attachment-627956\" class=\"wp-image-627956 size-full\" src=\"https:\/\/www.diarioimagen.net\/wp-content\/uploads\/2024\/07\/tribunal-10.jpg\" alt=\"\" width=\"460\" height=\"270\" srcset=\"https:\/\/www.diarioimagen.net\/wp-content\/uploads\/2024\/07\/tribunal-10.jpg 460w, https:\/\/www.diarioimagen.net\/wp-content\/uploads\/2024\/07\/tribunal-10-240x141.jpg 240w\" sizes=\"auto, (max-width: 460px) 100vw, 460px\" \/><\/a><p id=\"caption-attachment-627956\" class=\"wp-caption-text\">Magistrado Rafael Guerra \u00c1lvarez, presidente del PJCDMX. \/ Ese menor, afirm\u00f3 el juez Quinto Familiar de Proceso Oral, Jorge Rodr\u00edguez Murillo, puede ser dado en adopci\u00f3n legalmente, incluso a quien lo halle, si ese es su inter\u00e9s.<\/p><\/div>\n<p>&nbsp;<\/p>\n<p>Quien encuentre a un menor de edad en la v\u00eda p\u00fablica no debe qued\u00e1rselo, sino entregarlo al agente del ministerio p\u00fablico, advirti\u00f3 el juez Quinto Familiar de Proceso Oral, Jorge Rodr\u00edguez Murillo, del Poder Judicial de la Ciudad de M\u00e9xico (PJCDMX), que preside el magistrado Rafael Guerra \u00c1lvarez, al subrayar que puede estarse ante el caso de un ni\u00f1o o ni\u00f1a considerado como exp\u00f3sito, por desconocerse su origen y familia.<\/p>\n<p>Explic\u00f3 que la legislaci\u00f3n civil considera exp\u00f3sito a todo ni\u00f1o, ni\u00f1a o adolescente hallado en esa condici\u00f3n como susceptible de ser dado en adopci\u00f3n mediante sentencia del juez de oralidad en materia familiar, tras un juicio en el que el impartidor de justicia pondera, ante todo, el inter\u00e9s superior de la ni\u00f1ez.<\/p>\n<p>De ser el caso, agreg\u00f3 el impartidor de justicia, la persona que hall\u00f3 al menor de edad en condici\u00f3n de exp\u00f3sito puede darle seguimiento a su caso si es su inter\u00e9s adoptarlo legalmente; esto, mediante un proceso jurisdiccional del que conocen los 10 jueces familiares proceso oral del \u00f3rgano judicial capitalino.<\/p>\n<p>\u201c\u00bfCu\u00e1l es el elemento esencial del juez (en estos casos)? Buscar que verdaderamente sea ben\u00e9fico el procedimiento de adopci\u00f3n. Tiene que hacer prevalecer lo que llamamos el inter\u00e9s superior de la ni\u00f1ez; es decir todo el c\u00famulo de derechos que sobre \u00e9l o ella deben prevalecer por encima de los derechos de cualquier otra persona\u201d, explic\u00f3.<\/p>\n<p>Coment\u00f3 que, pese a parecer \u201ctelenovelesco\u201d, prevalecen en la actualidad los casos de ni\u00f1as, ni\u00f1os y adolescentes de los que no se saben sus or\u00edgenes, es decir, qui\u00e9nes son sus padres, de d\u00f3nde vienen, y que muchas veces son abandonados en la v\u00eda p\u00fablica, como calles, banquetas, parques e incluso a la puerta de una casa.<\/p>\n<p>Rodr\u00edguez Murillo dijo que los menores de edad son declarados exp\u00f3sitos una vez que el ministerio p\u00fablico determina, tras una investigaci\u00f3n, que no se puede saber qui\u00e9nes son sus padres, por lo que quien asume su tutela y protecci\u00f3n es el Sistema para el Desarrollo Integral de la Familia de la Ciudad de M\u00e9xico.<\/p>\n<p>Explic\u00f3 que es el Registro Civil la instancia encargada de asignarle un nombre y una fecha de nacimiento acorde al c\u00e1lculo de su edad, datos que quedar\u00e1n asentados en su acta de nacimiento, con lo que se le garantiza su derecho a la identidad.<\/p>\n<p>Mencion\u00f3 que aquellos interesados en adoptar a un menor de edad exp\u00f3sito deben cumplir requisitos que marca la ley, entre otros, ser mayor de 25 a\u00f1os de edad; que haya una diferencia de edad entre el adoptante y el adoptado de 17 a\u00f1os; demostrar capacidad econ\u00f3mica y modo honesto de vivir, y no estar inscrito en el Registro de Deudores Alimentarios Morosos ni en el Registro P\u00fablico de Agresores Sexuales. Precis\u00f3 que es el Sistema para el Desarrollo Integral de la Familia de la Ciudad de M\u00e9xico el que se encarga de solicitar una adopci\u00f3n, a petici\u00f3n de los candidatos a adoptar, que pueden ser una sola persona o parejas hombre-mujer, mujer-mujer y hombre-hombre.<\/p>\n","protected":false},"excerpt":{"rendered":"<p>Quien encuentre a un menor de edad en la v\u00eda p\u00fablica no debe qued\u00e1rselo, sino entregarlo al agente del ministerio p\u00fablico, advirti\u00f3 el juez Quinto Familiar de Proceso Oral, Jorge Rodr\u00edguez Murillo, del Poder Judicial de la Ciudad de M\u00e9xico (PJCDMX), que preside el magistrado Rafael Guerra \u00c1lvarez, al subrayar que puede estarse ante el caso de un ni\u00f1o o ni\u00f1a considerado como exp\u00f3sito, por desconocerse su origen y familia.<\/p>\n","protected":false},"author":3,"featured_media":627956,"comment_status":"open","ping_status":"open","sticky":false,"template":"","format":"standard","meta":{"_monsterinsights_skip_tracking":false,"_monsterinsights_sitenote_active":false,"_monsterinsights_sitenote_note":"","_monsterinsights_sitenote_category":0,"footnotes":""},"categories":[6],"tags":[8203,1399,67940],"class_list":["post-627859","post","type-post","status-publish","format-standard","has-post-thumbnail","hentry","category-cd-de-mexico","tag-menores","tag-ministerio-publico","tag-via-publica"],"_links":{"self":[{"href":"https:\/\/www.diarioimagen.net\/index.php?rest_route=\/wp\/v2\/posts\/627859","targetHints":{"allow":["GET"]}}],"collection":[{"href":"https:\/\/www.diarioimagen.net\/index.php?rest_route=\/wp\/v2\/posts"}],"about":[{"href":"https:\/\/www.diarioimagen.net\/index.php?rest_route=\/wp\/v2\/types\/post"}],"author":[{"embeddable":true,"href":"https:\/\/www.diarioimagen.net\/index.php?rest_route=\/wp\/v2\/users\/3"}],"replies":[{"embeddable":true,"href":"https:\/\/www.diarioimagen.net\/index.php?rest_route=%2Fwp%2Fv2%2Fcomments&post=627859"}],"version-history":[{"count":0,"href":"https:\/\/www.diarioimagen.net\/index.php?rest_route=\/wp\/v2\/posts\/627859\/revisions"}],"wp:featuredmedia":[{"embeddable":true,"href":"https:\/\/www.diarioimagen.net\/index.php?rest_route=\/wp\/v2\/media\/627956"}],"wp:attachment":[{"href":"https:\/\/www.diarioimagen.net\/index.php?rest_route=%2Fwp%2Fv2%2Fmedia&parent=627859"}],"wp:term":[{"taxonomy":"category","embeddable":true,"href":"https:\/\/www.diarioimagen.net\/index.php?rest_route=%2Fwp%2Fv2%2Fcategories&post=627859"},{"taxonomy":"post_tag","embeddable":true,"href":"https:\/\/www.diarioimagen.net\/index.php?rest_route=%2Fwp%2Fv2%2Ftags&post=627859"}],"curies":[{"name":"wp","href":"https:\/\/api.w.org\/{rel}","templated":true}]}}