{"id":628031,"date":"2024-07-31T00:01:40","date_gmt":"2024-07-31T06:01:40","guid":{"rendered":"https:\/\/www.diarioimagen.net\/?p=628031"},"modified":"2024-08-01T01:18:19","modified_gmt":"2024-08-01T07:18:19","slug":"lopez-obrador-urge-a-estados-unidos-a-hablar-con-la-verdad-sobre-el-mayo-y-el-chapito","status":"publish","type":"post","link":"https:\/\/www.diarioimagen.net\/?p=628031","title":{"rendered":"L\u00f3pez Obrador urge a Estados Unidos a hablar\u00a0con\u00a0la verdad sobre <em>El Mayo<\/em> y el <em>Chapito<\/em>"},"content":{"rendered":"<p>&nbsp;<\/p>\n<h2 style=\"text-align: center;\">A seis d\u00edas de los hechos<\/h2>\n<p><em>\u00a0<\/em><\/p>\n<ul>\n<li><strong><em>Descarta recrudecimiento de la violencia en Sinaloa<\/em><\/strong><\/li>\n<\/ul>\n<p>&nbsp;<\/p>\n<div id=\"attachment_628125\" style=\"width: 470px\" class=\"wp-caption aligncenter\"><a href=\"https:\/\/www.diarioimagen.net\/?attachment_id=628125\" rel=\"attachment wp-att-628125\"><img loading=\"lazy\" decoding=\"async\" aria-describedby=\"caption-attachment-628125\" class=\"size-full wp-image-628125\" src=\"https:\/\/www.diarioimagen.net\/wp-content\/uploads\/2024\/07\/lopez-obrador-urge.jpg\" alt=\"\" width=\"460\" height=\"270\" srcset=\"https:\/\/www.diarioimagen.net\/wp-content\/uploads\/2024\/07\/lopez-obrador-urge.jpg 460w, https:\/\/www.diarioimagen.net\/wp-content\/uploads\/2024\/07\/lopez-obrador-urge-240x141.jpg 240w\" sizes=\"auto, (max-width: 460px) 100vw, 460px\" \/><\/a><p id=\"caption-attachment-628125\" class=\"wp-caption-text\">El presidente Andr\u00e9s Manuel L\u00f3pez Obrador urgi\u00f3 al gobierno de Joe Biden dar a conocer todos los detalles de la detenci\u00f3n de Ismael Zamabada y Joaqu\u00edn Guzm\u00e1n L\u00f3pez.<\/p><\/div>\n<p>&nbsp;<\/p>\n<p>A seis d\u00edas de las detenciones de Ismael \u201cEl Mayo\u201d Zambada y de Joaqu\u00edn Guzm\u00e1n L\u00f3pez en Estados Unidos, el presidente Andr\u00e9s Manuel L\u00f3pez Obrador urgi\u00f3 al gobierno de Joe Biden dar a conocer todos los detalles de la captura o entrega.<\/p>\n<p>El primer mandatario se\u00f1al\u00f3 que se necesita saber \u201ca ciencia cierta\u201d d\u00f3nde y c\u00f3mo fue que los dos l\u00edderes del C\u00e1rtel de Sinaloa abordaron la avioneta, c\u00f3mo fue que llegaron a El Paso, Texas, y que si el acuerdo de entrega solo fue con Joaqu\u00edn Guzm\u00e1n Loera o tambi\u00e9n con \u201cEl Mayo\u201d, pues indic\u00f3 que el abogado de \u00e9ste ha acusado que fue sometido.<\/p>\n<p>\u201cEstamos tambi\u00e9n esperando informes del gobierno de Estados Unidos para que no haya especulaci\u00f3n, conjeturas, sino que se sepa a ciencia cierta qu\u00e9 fue lo que sucedi\u00f3, c\u00f3mo fue que llegaron estos dos personajes a Estado Unidos, a El Paso. Necesitamos tener m\u00e1s informaci\u00f3n y hablar con la verdad\u201d, dijo en su conferencia ma\u00f1anera de este martes 30 de julio en Palacio Nacional.<\/p>\n<p>Reiter\u00f3 que se necesita saber si participaron agentes del gobierno de Estados Unidos en estos hechos y mencion\u00f3 que est\u00e1 seguro que en estos hechos no participaron elementos de las Fuerzas Armadas de M\u00e9xico.<\/p>\n<p>\u201cYa nos informaron que ten\u00eda pl\u00e1ticas con el gobierno de Estados Unidos, Guzm\u00e1n L\u00f3pez que ten\u00eda pl\u00e1ticas con ellos, que quer\u00eda entregarse. Eso es lo que el gobierno de Estados Unidos est\u00e1 sosteniendo y que no sab\u00eda que se iba a entregar tambi\u00e9n o que iba en el avi\u00f3n el se\u00f1or Zambada. Eso es lo que dice el gobierno de Estados Unidos.<\/p>\n<p>\u201cNosotros, lo que queremos y lo est\u00e1 haciendo la Fiscal\u00eda (FGR) y Relaciones Exteriores, conocer m\u00e1s sobre esto: en d\u00f3nde fue que abordaron el avi\u00f3n, qu\u00e9 tipo de avi\u00f3n, por qu\u00e9 si el acuerdo era con uno llegan dos; el abogado del se\u00f1or Zambada dice que lo sometieron; en d\u00f3nde, qui\u00e9nes<\/p>\n<p>\u201cSe necesita conocer todo esto; si participaron en territorio mexicano agentes del gobierno de Estado Unidos, de las agencias. Estamos absolutamente seguros que no participaron integrantes de las Fuerzas Armadas de M\u00e9xico\u201d, dijo.<\/p>\n<p style=\"text-align: center;\"><strong>Comunicaci\u00f3n con la Casa Blanca<\/strong><\/p>\n<p>El jefe del Ejecutivo federal apunt\u00f3 que tanto la Fiscal\u00eda General de la Rep\u00fablica como la Secretar\u00eda de Relaciones Exteriores est\u00e1n en comunicaci\u00f3n con los representantes de la Casa Blanca a fin de tener m\u00e1s informaci\u00f3n al respecto.<\/p>\n<p>El tabasque\u00f1o remarc\u00f3 que tiene absoluta certeza que en esta acci\u00f3n no participaron integrantes de las fuerzas armadas de M\u00e9xico,<\/p>\n<p>A pregunta sobre si los destrozos que desconocidos causaron ayer en la capilla familiar de D\u00e1maso L\u00f3pez N\u00fa\u00f1ez, El Licenciado \u2013preso en Estados Unidos y quien era integrante del c\u00e1rtel de Sinaloa\u2014 podr\u00edan ser una se\u00f1al de posibles enfrentamientos en la regi\u00f3n debido a la captura de El Mayo, el presidente se\u00f1al\u00f3 que hasta ahora s\u00f3lo se tiene ese reporte y que no hay situaciones extraordinarias.<\/p>\n<p>\u201cYa se est\u00e1 enviando a mas elementos (de las fuerzas de seguridad federal) a esa regi\u00f3n del pa\u00eds. Sin embargo, no hay hasta ahora, y deseo que eso no suceda, no hay ning\u00fan indicio de enfrentamientos, nada. Esto para tranquilidad de Sinaloa, de Durango y de toda esa regi\u00f3n. No tenemos registro sobre eso (violencia) para que no haya inquietud\u201d.<\/p>\n<p>Afirm\u00f3 que en caso que haya se\u00f1ales de posibles enfrentamientos, su gobierno estar\u00e1 dando aviso a la poblaci\u00f3n.<\/p>\n<p>\u201cNo creo que pase, adem\u00e1s no lo deseo, exhorto a que todos act\u00faen de manera responsable, lo m\u00e1s sagrado es la vida y tenemos que cuidarla, protegerla. Y s\u00ed se dio este caso al que haces menci\u00f3n, de la profanaci\u00f3n de unas tumbas, pero no hay m\u00e1s que eso. Se est\u00e1 haciendo la investigaci\u00f3n correspondiente\u201d.<\/p>\n<p>El mandatario asever\u00f3 que considera que no se presentar\u00e1n actos de violencia, pues conf\u00eda en la responsabilidad de los pobladores de aquella regi\u00f3n.<\/p>\n","protected":false},"excerpt":{"rendered":"<p>A seis d\u00edas de las detenciones de Ismael \u201cEl Mayo\u201d Zambada y de Joaqu\u00edn Guzm\u00e1n L\u00f3pez en Estados Unidos, el presidente Andr\u00e9s Manuel L\u00f3pez Obrador urgi\u00f3 al gobierno de Joe Biden dar a conocer todos los detalles de la captura o entrega.<\/p>\n","protected":false},"author":3,"featured_media":628125,"comment_status":"open","ping_status":"open","sticky":false,"template":"","format":"standard","meta":{"_monsterinsights_skip_tracking":false,"_monsterinsights_sitenote_active":false,"_monsterinsights_sitenote_note":"","_monsterinsights_sitenote_category":0,"footnotes":""},"categories":[3],"tags":[2545,43677,80103],"class_list":["post-628031","post","type-post","status-publish","format-standard","has-post-thumbnail","hentry","category-nacional","tag-amlo","tag-seguridad","tag-el-mayo"],"_links":{"self":[{"href":"https:\/\/www.diarioimagen.net\/index.php?rest_route=\/wp\/v2\/posts\/628031","targetHints":{"allow":["GET"]}}],"collection":[{"href":"https:\/\/www.diarioimagen.net\/index.php?rest_route=\/wp\/v2\/posts"}],"about":[{"href":"https:\/\/www.diarioimagen.net\/index.php?rest_route=\/wp\/v2\/types\/post"}],"author":[{"embeddable":true,"href":"https:\/\/www.diarioimagen.net\/index.php?rest_route=\/wp\/v2\/users\/3"}],"replies":[{"embeddable":true,"href":"https:\/\/www.diarioimagen.net\/index.php?rest_route=%2Fwp%2Fv2%2Fcomments&post=628031"}],"version-history":[{"count":0,"href":"https:\/\/www.diarioimagen.net\/index.php?rest_route=\/wp\/v2\/posts\/628031\/revisions"}],"wp:featuredmedia":[{"embeddable":true,"href":"https:\/\/www.diarioimagen.net\/index.php?rest_route=\/wp\/v2\/media\/628125"}],"wp:attachment":[{"href":"https:\/\/www.diarioimagen.net\/index.php?rest_route=%2Fwp%2Fv2%2Fmedia&parent=628031"}],"wp:term":[{"taxonomy":"category","embeddable":true,"href":"https:\/\/www.diarioimagen.net\/index.php?rest_route=%2Fwp%2Fv2%2Fcategories&post=628031"},{"taxonomy":"post_tag","embeddable":true,"href":"https:\/\/www.diarioimagen.net\/index.php?rest_route=%2Fwp%2Fv2%2Ftags&post=628031"}],"curies":[{"name":"wp","href":"https:\/\/api.w.org\/{rel}","templated":true}]}}