{"id":628052,"date":"2024-07-31T00:03:34","date_gmt":"2024-07-31T06:03:34","guid":{"rendered":"https:\/\/www.diarioimagen.net\/?p=628052"},"modified":"2024-08-01T01:45:43","modified_gmt":"2024-08-01T07:45:43","slug":"el-prd-va-con-paso-firme-para-su-consolidacion-dice-lucina-cortes-cornejo","status":"publish","type":"post","link":"https:\/\/www.diarioimagen.net\/?p=628052","title":{"rendered":"El PRD va con paso firme para su consolidaci\u00f3n, dice Lucina Cort\u00e9s Cornejo"},"content":{"rendered":"<p>&nbsp;<\/p>\n<ul>\n<li><em><strong>Participaci\u00f3n en el IX Consejo Estatal<\/strong><\/em><\/li>\n<\/ul>\n<p><strong>\u00a0<\/strong><\/p>\n<h6>Arturo Baena<\/h6>\n<p>&nbsp;<\/p>\n<div id=\"attachment_628171\" style=\"width: 470px\" class=\"wp-caption aligncenter\"><a href=\"https:\/\/www.diarioimagen.net\/?attachment_id=628171\" rel=\"attachment wp-att-628171\"><img loading=\"lazy\" decoding=\"async\" aria-describedby=\"caption-attachment-628171\" class=\"size-full wp-image-628171\" src=\"https:\/\/www.diarioimagen.net\/wp-content\/uploads\/2024\/07\/prd-va-con-paso-firme.jpg\" alt=\"\" width=\"460\" height=\"270\" srcset=\"https:\/\/www.diarioimagen.net\/wp-content\/uploads\/2024\/07\/prd-va-con-paso-firme.jpg 460w, https:\/\/www.diarioimagen.net\/wp-content\/uploads\/2024\/07\/prd-va-con-paso-firme-240x141.jpg 240w\" sizes=\"auto, (max-width: 460px) 100vw, 460px\" \/><\/a><p id=\"caption-attachment-628171\" class=\"wp-caption-text\">Lucina Cort\u00e9s Cornejo, dirigente del PRD en Naucalpan, particip\u00f3 en el IX Consejo Estatal para sentar las bases para su consolidaci\u00f3n como partido local.<\/p><\/div>\n<p>&nbsp;<\/p>\n<p><strong>Valle de M\u00e9xico.\u2014<\/strong> \u201cEl sol azteca del Estado de M\u00e9xico va con paso firme para su consolidaci\u00f3n tal y como lo reafirm\u00f3 la dirigencia estatal de nuestro partido. El PRD seguir\u00e1 luchando en favor de las familias mexiquenses\u201d.<\/p>\n<p>As\u00ed lo expres\u00f3 Lucina Cort\u00e9s Cornejo, dirigente de ese instituto pol\u00edtico en Naucalpan, al participar en el IX Consejo Estatal para sentar las bases para su consolidaci\u00f3n como partido local, logrando la aprobaci\u00f3n un\u00e1nime de todos los puntos presentados por los m\u00e1s de 100 consejeras y consejeros presentes.<\/p>\n<p>La tambi\u00e9n regidora inform\u00f3 que la jornada comenz\u00f3 con el balance electoral del 2024, en el que se expresaron diversas opiniones acerca de los resultados del proceso del 2 junio; fueron se\u00f1alados aciertos y se reconocieron errores durante y previos a la jornada electoral.<\/p>\n<p>Durante el consejo estatal del PRD se se\u00f1al\u00f3 que el pleno extraordinario marca un nuevo cap\u00edtulo en la trayectoria del perredismo en el Estado de M\u00e9xico, ya que se avanza con firmeza y en unidad hacia la consolidaci\u00f3n local y el fortalecimiento de sus estructuras internas.<\/p>\n<p>En este sentido, Lucina Cort\u00e9s reiter\u00f3 que m\u00e1s all\u00e1 de las diferencias y convergencias, prevalece la unidad al interior del Partido de la Revoluci\u00f3n Democr\u00e1tica, lo cual garantiza que se lograr\u00e1n reposicionar a este instituto pol\u00edtico como una opci\u00f3n para las y los mexiquenses.<\/p>\n<p>Dijo que se habr\u00e1n de tomar en cuenta las diferentes opiniones y posicionamientos de todas y todos los perredistas, as\u00ed como de la sociedad en general, para poder conformar un PRD Estado de M\u00e9xico s\u00f3lido.<\/p>\n","protected":false},"excerpt":{"rendered":"<p>\u201cEl sol azteca del Estado de M\u00e9xico va con paso firme para su consolidaci\u00f3n tal y como lo reafirm\u00f3 la dirigencia estatal de nuestro partido. El PRD seguir\u00e1 luchando en favor de las familias mexiquenses\u201d.<\/p>\n","protected":false},"author":3,"featured_media":628171,"comment_status":"open","ping_status":"open","sticky":false,"template":"","format":"standard","meta":{"_monsterinsights_skip_tracking":false,"_monsterinsights_sitenote_active":false,"_monsterinsights_sitenote_note":"","_monsterinsights_sitenote_category":0,"footnotes":""},"categories":[5],"tags":[100465,211,34],"class_list":["post-628052","post","type-post","status-publish","format-standard","has-post-thumbnail","hentry","category-estado-de-mexico","tag-consolidacion","tag-prd","tag-valle-de-mexico"],"_links":{"self":[{"href":"https:\/\/www.diarioimagen.net\/index.php?rest_route=\/wp\/v2\/posts\/628052","targetHints":{"allow":["GET"]}}],"collection":[{"href":"https:\/\/www.diarioimagen.net\/index.php?rest_route=\/wp\/v2\/posts"}],"about":[{"href":"https:\/\/www.diarioimagen.net\/index.php?rest_route=\/wp\/v2\/types\/post"}],"author":[{"embeddable":true,"href":"https:\/\/www.diarioimagen.net\/index.php?rest_route=\/wp\/v2\/users\/3"}],"replies":[{"embeddable":true,"href":"https:\/\/www.diarioimagen.net\/index.php?rest_route=%2Fwp%2Fv2%2Fcomments&post=628052"}],"version-history":[{"count":0,"href":"https:\/\/www.diarioimagen.net\/index.php?rest_route=\/wp\/v2\/posts\/628052\/revisions"}],"wp:featuredmedia":[{"embeddable":true,"href":"https:\/\/www.diarioimagen.net\/index.php?rest_route=\/wp\/v2\/media\/628171"}],"wp:attachment":[{"href":"https:\/\/www.diarioimagen.net\/index.php?rest_route=%2Fwp%2Fv2%2Fmedia&parent=628052"}],"wp:term":[{"taxonomy":"category","embeddable":true,"href":"https:\/\/www.diarioimagen.net\/index.php?rest_route=%2Fwp%2Fv2%2Fcategories&post=628052"},{"taxonomy":"post_tag","embeddable":true,"href":"https:\/\/www.diarioimagen.net\/index.php?rest_route=%2Fwp%2Fv2%2Ftags&post=628052"}],"curies":[{"name":"wp","href":"https:\/\/api.w.org\/{rel}","templated":true}]}}