{"id":628054,"date":"2024-07-31T00:01:23","date_gmt":"2024-07-31T06:01:23","guid":{"rendered":"https:\/\/www.diarioimagen.net\/?p=628054"},"modified":"2024-08-01T01:45:53","modified_gmt":"2024-08-01T07:45:53","slug":"inaugura-el-alcalde-pedro-rodriguez-villegas-puente-peatonal-en-atizapan-de-zaragoza","status":"publish","type":"post","link":"https:\/\/www.diarioimagen.net\/?p=628054","title":{"rendered":"Inaugura el alcalde Pedro Rodr\u00edguez Villegas, puente peatonal en Atizap\u00e1n de Zaragoza"},"content":{"rendered":"<p>&nbsp;<\/p>\n<p><a href=\"https:\/\/www.diarioimagen.net\/?attachment_id=628167\" rel=\"attachment wp-att-628167\"><img loading=\"lazy\" decoding=\"async\" class=\"aligncenter size-full wp-image-628167\" src=\"https:\/\/www.diarioimagen.net\/wp-content\/uploads\/2024\/07\/inaugura-alcalde.jpg\" alt=\"\" width=\"460\" height=\"270\" srcset=\"https:\/\/www.diarioimagen.net\/wp-content\/uploads\/2024\/07\/inaugura-alcalde.jpg 460w, https:\/\/www.diarioimagen.net\/wp-content\/uploads\/2024\/07\/inaugura-alcalde-240x141.jpg 240w\" sizes=\"auto, (max-width: 460px) 100vw, 460px\" \/><\/a><\/p>\n<p>&nbsp;<\/p>\n<p><strong>Atizap\u00e1n de Zaragoza, Estado de M\u00e9xico.\u2014 <\/strong>Cruzar el Bulevar Cuautitl\u00e1n Izcalli, en las colonias Villas de San Jos\u00e9 y Margarita Maza de Ju\u00e1rez, en esta localidad, ser\u00e1 m\u00e1s seguro con el puente peatonal inaugurado por el presidente municipal Pedro Rodr\u00edguez Villegas.<\/p>\n<p>\u201cEstoy muy contento de seguir recorriendo Atizap\u00e1n y seguir demostrando que somos un gobierno de hechos y no de palabras, entregando obras, que es como se da testimonio de que los impuestos que ustedes pagan son para beneficiar a las y los atizapenses\u201d, mencion\u00f3 el edil.<\/p>\n<p>En este sitio, donde se construy\u00f3 el Puente El Campanario, una de las obras magnas de la Administraci\u00f3n municipal 2022-2024, se realizaron trabajos como la excavaci\u00f3n para el montaje de las zapatas prefabricadas.<\/p>\n<p>En la zona, la infraestructura que tambi\u00e9n beneficiar\u00e1 a vecinos de los fraccionamientos Villas de la Hacienda y El Campanario, se hizo un muro de mamposter\u00eda de piedra braza para la contenci\u00f3n de una rampa y luego dar paso al montaje de columnas para el resto de las rampas.<\/p>\n","protected":false},"excerpt":{"rendered":"<p>Cruzar el Bulevar Cuautitl\u00e1n Izcalli, en las colonias Villas de San Jos\u00e9 y Margarita Maza de Ju\u00e1rez, en esta localidad, ser\u00e1 m\u00e1s seguro con el puente peatonal inaugurado por el presidente municipal Pedro Rodr\u00edguez Villegas.<\/p>\n","protected":false},"author":3,"featured_media":628167,"comment_status":"open","ping_status":"open","sticky":false,"template":"","format":"standard","meta":{"_monsterinsights_skip_tracking":false,"_monsterinsights_sitenote_active":false,"_monsterinsights_sitenote_note":"","_monsterinsights_sitenote_category":0,"footnotes":""},"categories":[5],"tags":[18573,74164,20015],"class_list":["post-628054","post","type-post","status-publish","format-standard","has-post-thumbnail","hentry","category-estado-de-mexico","tag-inaugura","tag-pedro-rodriguez-villegas","tag-puente"],"_links":{"self":[{"href":"https:\/\/www.diarioimagen.net\/index.php?rest_route=\/wp\/v2\/posts\/628054","targetHints":{"allow":["GET"]}}],"collection":[{"href":"https:\/\/www.diarioimagen.net\/index.php?rest_route=\/wp\/v2\/posts"}],"about":[{"href":"https:\/\/www.diarioimagen.net\/index.php?rest_route=\/wp\/v2\/types\/post"}],"author":[{"embeddable":true,"href":"https:\/\/www.diarioimagen.net\/index.php?rest_route=\/wp\/v2\/users\/3"}],"replies":[{"embeddable":true,"href":"https:\/\/www.diarioimagen.net\/index.php?rest_route=%2Fwp%2Fv2%2Fcomments&post=628054"}],"version-history":[{"count":0,"href":"https:\/\/www.diarioimagen.net\/index.php?rest_route=\/wp\/v2\/posts\/628054\/revisions"}],"wp:featuredmedia":[{"embeddable":true,"href":"https:\/\/www.diarioimagen.net\/index.php?rest_route=\/wp\/v2\/media\/628167"}],"wp:attachment":[{"href":"https:\/\/www.diarioimagen.net\/index.php?rest_route=%2Fwp%2Fv2%2Fmedia&parent=628054"}],"wp:term":[{"taxonomy":"category","embeddable":true,"href":"https:\/\/www.diarioimagen.net\/index.php?rest_route=%2Fwp%2Fv2%2Fcategories&post=628054"},{"taxonomy":"post_tag","embeddable":true,"href":"https:\/\/www.diarioimagen.net\/index.php?rest_route=%2Fwp%2Fv2%2Ftags&post=628054"}],"curies":[{"name":"wp","href":"https:\/\/api.w.org\/{rel}","templated":true}]}}