{"id":628057,"date":"2024-07-31T00:01:15","date_gmt":"2024-07-31T06:01:15","guid":{"rendered":"https:\/\/www.diarioimagen.net\/?p=628057"},"modified":"2024-08-01T01:22:58","modified_gmt":"2024-08-01T07:22:58","slug":"resurge-la-amenaza-covid-19-en-los-juegos-olimpicos-2024","status":"publish","type":"post","link":"https:\/\/www.diarioimagen.net\/?p=628057","title":{"rendered":"Resurge la amenaza Covid-19 en los Juegos Ol\u00edmpicos 2024"},"content":{"rendered":"<p>&nbsp;<\/p>\n<h2 style=\"text-align: center;\">Reportan varios positivos entre los atletas<\/h2>\n<p>&nbsp;<\/p>\n<ul>\n<li><strong><em>Primera justa ol\u00edmpica post-pandemia que no sigue un protocolo de prevenci\u00f3n contra la contagiosa enfermedad<\/em><\/strong><\/li>\n<\/ul>\n<p>&nbsp;<\/p>\n<div id=\"attachment_628131\" style=\"width: 470px\" class=\"wp-caption aligncenter\"><a href=\"https:\/\/www.diarioimagen.net\/?attachment_id=628131\" rel=\"attachment wp-att-628131\"><img loading=\"lazy\" decoding=\"async\" aria-describedby=\"caption-attachment-628131\" class=\"size-full wp-image-628131\" src=\"https:\/\/www.diarioimagen.net\/wp-content\/uploads\/2024\/07\/resurge-amenaza-covid.jpg\" alt=\"\" width=\"460\" height=\"270\" srcset=\"https:\/\/www.diarioimagen.net\/wp-content\/uploads\/2024\/07\/resurge-amenaza-covid.jpg 460w, https:\/\/www.diarioimagen.net\/wp-content\/uploads\/2024\/07\/resurge-amenaza-covid-240x141.jpg 240w\" sizes=\"auto, (max-width: 460px) 100vw, 460px\" \/><\/a><p id=\"caption-attachment-628131\" class=\"wp-caption-text\">En la primera semana de la justa ol\u00edmpica de Par\u00eds 2024, varios atletas han sido apartados de sus competencias por contagio de Covid.<\/p><\/div>\n<p>&nbsp;<\/p>\n<p>El virus de la Covid-19 ha obligado a algunos atletas de los Juegos Ol\u00edmpicos Par\u00eds 2024 a retirarse de las pruebas y ha hecho que otros vuelvan a usar cubrebocas en Par\u00eds, por lo que la amenaza vuelve a 4 a\u00f1os de que las competencias veraniegas en Tokio se tuvieran que realizar bajo estrictas precauciones y sin aficionados.<\/p>\n<p>Varios competidores han dado positivo, entre ellos la nadadora australiana Lani Pallister, que aspiraba a medalla en los 1,500 metros libres femeninos, pero tuvo que retirarse de la prueba. Pallister recibi\u00f3 instrucciones de aislarse en su habitaci\u00f3n.<\/p>\n<p>Un portavoz del equipo australiano explic\u00f3 que el aislamiento de Pallister fue en busca de guardar sus energ\u00edas para la competencia de relevos 4&#215;200 metros en estilo libre, que dar\u00e1 inicio este jueves.\u00a0 No es una sorpresa que varios atletas se contagien en el transcurso de estos Juegos Ol\u00edmpicos, ya que en los d\u00edas previos a la Ceremonia Inaugural, gran parte del equipo australiano de Waterpolo femenino dio positivo, resultando en su aislamiento del resto de sus compa\u00f1eras.<\/p>\n<p>Otro nadador afectado fue el brit\u00e1nico Adam Peaty, quien dio positivo a Covid tan solo un d\u00eda despu\u00e9s de conseguir la presea de plata en los 100 metros braza, quedando apenas a dos cent\u00e9simas del primer lugar.<\/p>\n<p>\u201cAhora me centrar\u00e9 en una recuperaci\u00f3n r\u00e1pida y completa para dar lo mejor de m\u00ed en los relevos por equipos a finales de semana\u201d, public\u00f3 Peaty, de 29 a\u00f1os, en Instagram.<\/p>\n<p>\u201cAdam est\u00e1 bien, s\u00f3lo un poco resfriado. Lo evitaremos lo mejor que podamos\u201d, dijo el compa\u00f1ero de equipo brit\u00e1nico de Peaty, Matt Richards, despu\u00e9s de su serie de 100 metros libres el pasado martes por la ma\u00f1ana.<\/p>\n<p>Por su parte, el nadador brit\u00e1nico Jacob Whittle afirm\u00f3 que, no obstante, su equipo estaba siendo m\u00e1s estricto con las precauciones.<\/p>\n<p>\u201cNos desinfectamos las manos y llevamos mascarillas siempre que podemos\u201d, explic\u00f3 Whittle. \u201cCuando estamos nadando y haciendo cosas como \u00e9sta (hablar con los periodistas) son los \u00fanicos momentos en los que no llevamos m\u00e1scara\u201d.<\/p>\n<p>\u201cSe trata de extremar las precauciones al comer y al subir a autobuses y espacios comunes, de ser muy conscientes para no contagiarse y, si ocurre, no contagiar a nadie. S\u00f3lo hay que tener cuidado\u201d.<\/p>\n<p>El jefe m\u00e9dico del equipo canadiense, Mike Wilkinson, afirm\u00f3 que su equipo \u201csigui\u00f3 aplicando muchos de los protocolos de prevenci\u00f3n de infecciones que dieron buenos resultados durante la pandemia de Covid, como el lavado de manos, la desinfecci\u00f3n y las buenas pr\u00e1cticas de higiene\u201d.<\/p>\n<p style=\"text-align: center;\"><strong>Contagios no representan un peligro, dicen organizadores<\/strong><\/p>\n<p>\u00a0Mientras tanto, Anne Deschamps, directora jefe de comunicaci\u00f3n de Par\u00eds 2024, se pronunci\u00f3 acerca de la falta de precauci\u00f3n sanitaria en la primera justa ol\u00edmpica post-pandemia, afirmando que el \u201cprotocolo\u201d consiste en que los atletas contagiados porten una mascarilla, esto por la baja cantidad de positivos en Francia que no representan un peligro.<\/p>\n<p>\u201cTenemos un protocolo (por el que) cualquier atleta que haya dado positivo tiene que llevar una m\u00e1scara y recordamos a todo el mundo que siga las mejores pr\u00e1cticas, pero en t\u00e9rminos de control de la Covid, los casos son bastante bajos en Francia\u201d.<\/p>\n<p>Los Juegos Ol\u00edmpicos de Tokio se retrasaron un a\u00f1o debido al Covid-19, mientras que los Juegos Ol\u00edmpicos de invierno de Pek\u00edn 2022 se celebraron bajo estrictas precauciones, lo que convirti\u00f3 a Par\u00eds en la primera competencia post pand\u00e9mica. En Par\u00eds no hay protocolos estrictos ni restricciones en torno al Covid-19.<\/p>\n<p>Tenemos un protocolo (por el que) cualquier atleta que haya dado positivo tiene que llevar una m\u00e1scara y recordamos a todo el mundo que siga las mejores pr\u00e1cticas, pero en t\u00e9rminos de control de la Covid, los casos son bastante bajos en Francia\u201d, dijo Anne Descamps, directora jefe de comunicaci\u00f3n de Par\u00eds 2024.<\/p>\n","protected":false},"excerpt":{"rendered":"<p>El virus de la Covid-19 ha obligado a algunos atletas de los Juegos Ol\u00edmpicos Par\u00eds 2024 a retirarse de las pruebas y ha hecho que otros vuelvan a usar cubrebocas en Par\u00eds, por lo que la amenaza vuelve a 4\u00a0a\u00f1os\u00a0de\u00a0que\u00a0las competencias veraniegas en Tokio se tuvieran que realizar bajo estrictas precauciones y sin aficionados.<\/p>\n","protected":false},"author":3,"featured_media":628131,"comment_status":"open","ping_status":"open","sticky":false,"template":"","format":"standard","meta":{"_monsterinsights_skip_tracking":false,"_monsterinsights_sitenote_active":false,"_monsterinsights_sitenote_note":"","_monsterinsights_sitenote_category":0,"footnotes":""},"categories":[17,10],"tags":[90021,100466,29516],"class_list":["post-628057","post","type-post","status-publish","format-standard","has-post-thumbnail","hentry","category-especiales","category-deportes","tag-covid-19","tag-juegos-olimpicos-2024","tag-pandemia"],"_links":{"self":[{"href":"https:\/\/www.diarioimagen.net\/index.php?rest_route=\/wp\/v2\/posts\/628057","targetHints":{"allow":["GET"]}}],"collection":[{"href":"https:\/\/www.diarioimagen.net\/index.php?rest_route=\/wp\/v2\/posts"}],"about":[{"href":"https:\/\/www.diarioimagen.net\/index.php?rest_route=\/wp\/v2\/types\/post"}],"author":[{"embeddable":true,"href":"https:\/\/www.diarioimagen.net\/index.php?rest_route=\/wp\/v2\/users\/3"}],"replies":[{"embeddable":true,"href":"https:\/\/www.diarioimagen.net\/index.php?rest_route=%2Fwp%2Fv2%2Fcomments&post=628057"}],"version-history":[{"count":0,"href":"https:\/\/www.diarioimagen.net\/index.php?rest_route=\/wp\/v2\/posts\/628057\/revisions"}],"wp:featuredmedia":[{"embeddable":true,"href":"https:\/\/www.diarioimagen.net\/index.php?rest_route=\/wp\/v2\/media\/628131"}],"wp:attachment":[{"href":"https:\/\/www.diarioimagen.net\/index.php?rest_route=%2Fwp%2Fv2%2Fmedia&parent=628057"}],"wp:term":[{"taxonomy":"category","embeddable":true,"href":"https:\/\/www.diarioimagen.net\/index.php?rest_route=%2Fwp%2Fv2%2Fcategories&post=628057"},{"taxonomy":"post_tag","embeddable":true,"href":"https:\/\/www.diarioimagen.net\/index.php?rest_route=%2Fwp%2Fv2%2Ftags&post=628057"}],"curies":[{"name":"wp","href":"https:\/\/api.w.org\/{rel}","templated":true}]}}