{"id":628072,"date":"2024-07-31T00:02:42","date_gmt":"2024-07-31T06:02:42","guid":{"rendered":"https:\/\/www.diarioimagen.net\/?p=628072"},"modified":"2024-08-01T01:31:29","modified_gmt":"2024-08-01T07:31:29","slug":"modifican-el-camino-a-la-estacion-kohunlich-del-tren-maya-en-quintana-roo","status":"publish","type":"post","link":"https:\/\/www.diarioimagen.net\/?p=628072","title":{"rendered":"Modifican el camino a la estaci\u00f3n Kohunlich del Tren Maya en Quintana Roo"},"content":{"rendered":"<p>&nbsp;<\/p>\n<h2 style=\"text-align: center;\">Acceso a la parada de Nicol\u00e1s Bravo<\/h2>\n<p>&nbsp;<\/p>\n<ul>\n<li><strong><em>Especialistas del INAH registran, intervienen y protegen monumentos arqueol\u00f3gicos<\/em><\/strong><\/li>\n<\/ul>\n<p><strong>\u00a0<\/strong><\/p>\n<div id=\"attachment_628149\" style=\"width: 470px\" class=\"wp-caption aligncenter\"><a href=\"https:\/\/www.diarioimagen.net\/?attachment_id=628149\" rel=\"attachment wp-att-628149\"><img loading=\"lazy\" decoding=\"async\" aria-describedby=\"caption-attachment-628149\" class=\"size-full wp-image-628149\" src=\"https:\/\/www.diarioimagen.net\/wp-content\/uploads\/2024\/07\/modifican-camino-estacion.jpg\" alt=\"\" width=\"460\" height=\"270\" srcset=\"https:\/\/www.diarioimagen.net\/wp-content\/uploads\/2024\/07\/modifican-camino-estacion.jpg 460w, https:\/\/www.diarioimagen.net\/wp-content\/uploads\/2024\/07\/modifican-camino-estacion-240x141.jpg 240w\" sizes=\"auto, (max-width: 460px) 100vw, 460px\" \/><\/a><p id=\"caption-attachment-628149\" class=\"wp-caption-text\">Protegen siete monumentos arqueol\u00f3gicos de alto estatus en el camino de acceso a la estaci\u00f3n Nicol\u00e1s Bravo\/Kohunlich del Tren Maya.<\/p><\/div>\n<p>&nbsp;<\/p>\n<p><strong>Chetumal.\u2014<\/strong> En el camino de acceso a la estaci\u00f3n Nicol\u00e1s Bravo\/Kohunlich del Tren Maya, en su Tramo 7, a seis kil\u00f3metros de la Zona Arqueol\u00f3gica de Kohunlich, en el sur de Quintana Roo, especialistas del Instituto Nacional de Antropolog\u00eda e Historia (INAH) registraron, intervienen y protegen siete monumentos arqueol\u00f3gicos de alto estatus que, por su relevancia monumental, las secretar\u00edas de Cultura y de la Defensa Nacional (Sedena) acordaron modificar el dise\u00f1o original del camino para preservar in situ cinco de las estructuras.<\/p>\n<p>Con apoyo de la Sedena, especialistas del INAH restauran cinco de siete edificaciones, actualmente con trabajos generales de consolidaci\u00f3n que las pondr\u00e1n en valor para ser apreciadas por la gente en ese paradero del tren. En tanto, las otras dos fueron selladas como reserva futura de investigaci\u00f3n, inform\u00f3 el responsable acad\u00e9mico del proyecto de salvamento arqueol\u00f3gico en la ruta del Tren Maya, Manuel P\u00e9rez Rivas.<\/p>\n<p>Las estructuras se ubicaron en el \u00e1rea perif\u00e9rica de la zona arqueol\u00f3gica de Kohunlich; corresponden a agrupaciones familiares de elite, con posible filiaci\u00f3n a esa antigua ciudad. Por su mamposter\u00eda y sus piedras labradas, las edificaciones tienen caracter\u00edsticas del estilo Pet\u00e9n, cuya temporalidad va de 300 a 600 d.C., hasta 900 a 1000 d.C., explic\u00f3 el coordinador del Tramo 7, Ram\u00f3n Carrillo S\u00e1nchez, conjuntamente con David Palomino Yam.<\/p>\n<p>Adem\u00e1s de las siete estructuras se descubrieron diversos materiales arqueol\u00f3gicos de l\u00edtica, cer\u00e1mica, concha y restos \u00f3seos humanos, entre los que destaca un pectoral de caracol en forma de media luna, con cuatro personajes, dos de ellos centrales y dos secundarios: \u201cEs un tipo de pectoral del cual no existen m\u00e1s de seis en toda el \u00e1rea maya de M\u00e9xico y Centroam\u00e9rica\u201d, destac\u00f3 el arque\u00f3logo Carrillo S\u00e1nchez al referir que \u201cel objeto debi\u00f3 pertenecer al due\u00f1o de la casa y que pudo ser ofrendado a la construcci\u00f3n en se\u00f1al de continuidad cuando se levant\u00f3 un a\u00f1adido\u201d.<\/p>\n","protected":false},"excerpt":{"rendered":"<p>En el camino de acceso a la estaci\u00f3n Nicol\u00e1s Bravo\/Kohunlich del Tren Maya, en su Tramo 7, a seis kil\u00f3metros de la Zona Arqueol\u00f3gica de Kohunlich, en el sur de Quintana Roo, especialistas del Instituto Nacional de Antropolog\u00eda e Historia (INAH) registraron, intervienen y protegen siete monumentos arqueol\u00f3gicos de alto estatus que, por su relevancia monumental, las secretar\u00edas de Cultura y de la Defensa Nacional (Sedena) acordaron modificar el dise\u00f1o original del camino para preservar in situ cinco de las estructuras.\u00a0<\/p>\n","protected":false},"author":3,"featured_media":628149,"comment_status":"open","ping_status":"open","sticky":false,"template":"","format":"standard","meta":{"_monsterinsights_skip_tracking":false,"_monsterinsights_sitenote_active":false,"_monsterinsights_sitenote_note":"","_monsterinsights_sitenote_category":0,"footnotes":""},"categories":[17,3],"tags":[94023,100472,76415],"class_list":["post-628072","post","type-post","status-publish","format-standard","has-post-thumbnail","hentry","category-especiales","category-nacional","tag-camino","tag-kohunlich","tag-tren-maya"],"_links":{"self":[{"href":"https:\/\/www.diarioimagen.net\/index.php?rest_route=\/wp\/v2\/posts\/628072","targetHints":{"allow":["GET"]}}],"collection":[{"href":"https:\/\/www.diarioimagen.net\/index.php?rest_route=\/wp\/v2\/posts"}],"about":[{"href":"https:\/\/www.diarioimagen.net\/index.php?rest_route=\/wp\/v2\/types\/post"}],"author":[{"embeddable":true,"href":"https:\/\/www.diarioimagen.net\/index.php?rest_route=\/wp\/v2\/users\/3"}],"replies":[{"embeddable":true,"href":"https:\/\/www.diarioimagen.net\/index.php?rest_route=%2Fwp%2Fv2%2Fcomments&post=628072"}],"version-history":[{"count":0,"href":"https:\/\/www.diarioimagen.net\/index.php?rest_route=\/wp\/v2\/posts\/628072\/revisions"}],"wp:featuredmedia":[{"embeddable":true,"href":"https:\/\/www.diarioimagen.net\/index.php?rest_route=\/wp\/v2\/media\/628149"}],"wp:attachment":[{"href":"https:\/\/www.diarioimagen.net\/index.php?rest_route=%2Fwp%2Fv2%2Fmedia&parent=628072"}],"wp:term":[{"taxonomy":"category","embeddable":true,"href":"https:\/\/www.diarioimagen.net\/index.php?rest_route=%2Fwp%2Fv2%2Fcategories&post=628072"},{"taxonomy":"post_tag","embeddable":true,"href":"https:\/\/www.diarioimagen.net\/index.php?rest_route=%2Fwp%2Fv2%2Ftags&post=628072"}],"curies":[{"name":"wp","href":"https:\/\/api.w.org\/{rel}","templated":true}]}}