{"id":628205,"date":"2024-08-01T00:07:43","date_gmt":"2024-08-01T06:07:43","guid":{"rendered":"https:\/\/www.diarioimagen.net\/?p=628205"},"modified":"2024-08-01T22:04:15","modified_gmt":"2024-08-02T04:04:15","slug":"investigadora-de-la-uaemex-traza-un-camino-hacia-el-trabajo-decente-en-el-sector-turistico","status":"publish","type":"post","link":"https:\/\/www.diarioimagen.net\/?p=628205","title":{"rendered":"Investigadora de la UAEM\u00e9x traza un camino hacia el trabajo decente en el sector tur\u00edstico"},"content":{"rendered":"<p>&nbsp;<\/p>\n<h2 style=\"text-align: center;\">Elva Esther Vargas Mart\u00ednez<\/h2>\n<p><strong>\u00a0<\/strong><\/p>\n<div id=\"attachment_628247\" style=\"width: 470px\" class=\"wp-caption aligncenter\"><a href=\"https:\/\/www.diarioimagen.net\/?attachment_id=628247\" rel=\"attachment wp-att-628247\"><img loading=\"lazy\" decoding=\"async\" aria-describedby=\"caption-attachment-628247\" class=\"size-full wp-image-628247\" src=\"https:\/\/www.diarioimagen.net\/wp-content\/uploads\/2024\/08\/uaem-investigadora.jpg\" alt=\"\" width=\"460\" height=\"270\" srcset=\"https:\/\/www.diarioimagen.net\/wp-content\/uploads\/2024\/08\/uaem-investigadora.jpg 460w, https:\/\/www.diarioimagen.net\/wp-content\/uploads\/2024\/08\/uaem-investigadora-240x141.jpg 240w\" sizes=\"auto, (max-width: 460px) 100vw, 460px\" \/><\/a><p id=\"caption-attachment-628247\" class=\"wp-caption-text\">La investigadora y acad\u00e9mica universitaria resalt\u00f3 la importancia de la implementaci\u00f3n de la responsabilidad social empresarial para contribuir al mejoramiento de las condiciones laborales para el personal del sector tur\u00edstico.<\/p><\/div>\n<p>&nbsp;<\/p>\n<p><strong>Toluca, Estado de M\u00e9xico.<\/strong>\u2014 Durante la pandemia de COVID-19 distintos sectores econ\u00f3micos se paralizaron de manera indeterminada, entre ellos, el tur\u00edstico, el cual registr\u00f3 una gran cantidad de contratos de trabajo rescindidos, cortes en jornadas laborales y precariedad salarial. Por ello, Elva Esther Vargas Mart\u00ednez, acad\u00e9mica de la Facultad de Turismo y Gastronom\u00eda de la Universidad Aut\u00f3noma del Estado de M\u00e9xico (UAEM\u00e9x), analiza las condiciones del mercado laboral tur\u00edstico bajo la perspectiva de la responsabilidad social empresarial.<\/p>\n<p>La responsabilidad social empresarial se refiere al compromiso voluntario que las organizaciones manifiestan para contribuir al desarrollo sostenible e implica que las empresas garanticen condiciones laborales justas, es decir, debe existir un trabajo decente para el personal de esta industria. En este sentido, Vargas Mart\u00ednez relaciona al trabajo decente con la obtenci\u00f3n de salarios justos y oportunidades para que los empleados logren un desarrollo personal dentro del sector; adem\u00e1s, el trabajo decente es uno de los Objetivos de Desarrollo Sostenible (ODS) de la Organizaci\u00f3n de las Naciones Unidas (ONU), el cual pretende contribuir a un crecimiento econ\u00f3mico inclusivo y sostenible.<\/p>\n<p>La investigadora, l\u00edder de la Red Latinoamericana de Investigaci\u00f3n-Acci\u00f3n para la Competitividad, Innovaci\u00f3n y Sustentabilidad de la Empresa Tur\u00edstica (RELICISET), manifest\u00f3 que de la relaci\u00f3n entre la responsabilidad social empresarial y el trabajo decente nace la posibilidad de transitar hacia gestiones m\u00e1s sostenibles en el turismo, las cuales son fundamentales para promover un ambiente laboral justo y seguro para mejorar la productividad y competitividad de las empresas. De esta manera, tambi\u00e9n se atiende a diferentes esferas de la sustentabilidad como la econ\u00f3mica, social, ecol\u00f3gica e inclusive, pol\u00edtica y cultural.<\/p>\n<p>Elva Esther Vargas explic\u00f3 que la importancia de la implementaci\u00f3n de la perspectiva de responsabilidad empresarial radica en la posibilidad de generar un bienestar para las y los trabajadores, adem\u00e1s de que permite impulsar la sustentabilidad dentro del mercado tur\u00edstico; por ello, se\u00f1al\u00f3 que estas estrategias deben permear desde las grandes corporaciones hasta las peque\u00f1as y medianas empresas (PyMEs), ya que hay una mayor presencia de estas empresas en el Valle de Toluca.<\/p>\n<p>Vargas Mart\u00ednez realiza esta investigaci\u00f3n en conjunto con los cuerpos acad\u00e9micos nacionales \u201cEstudios tur\u00edsticos\u201d, \u201cCompetitividad y Sustentabilidad de las Organizaciones Tur\u00edsticas y Gastron\u00f3micas\u201d, \u201cTurismo, Desarrollo Local y Sustentabilidad\u201d, \u201cGesti\u00f3n del Capital Intelectual\u201d y \u201cEstudios Tur\u00edsticos y Desarrollo\u201d.<\/p>\n<p>Como mujer en la ciencia, Elva Esther Vargas Mart\u00ednez resalt\u00f3 que \u201chablando de nuestra responsabilidad como personas investigadoras, creo que una de nuestras contribuciones es generar nuevo conocimiento, para que podamos colaborar en la soluci\u00f3n de los problemas del sector tur\u00edstico, formar recursos humanos cr\u00edticos, generar profesionales que intervengan sobre nuevas formas de gesti\u00f3n frente a las problem\u00e1ticas que vivimos hoy en d\u00eda\u201d, concluy\u00f3.<\/p>\n","protected":false},"excerpt":{"rendered":"<p>Durante la pandemia de COVID-19 distintos sectores econ\u00f3micos se paralizaron de manera indeterminada, entre ellos, el tur\u00edstico, el cual registr\u00f3 una gran cantidad de contratos de trabajo rescindidos, cortes en jornadas laborales y precariedad salarial. Por ello, Elva Esther Vargas Mart\u00ednez, acad\u00e9mica de la Facultad de Turismo y Gastronom\u00eda de la Universidad Aut\u00f3noma del Estado de M\u00e9xico (UAEM\u00e9x), analiza las condiciones del mercado laboral tur\u00edstico bajo la perspectiva de la responsabilidad social empresarial.<\/p>\n","protected":false},"author":3,"featured_media":628247,"comment_status":"open","ping_status":"open","sticky":false,"template":"","format":"standard","meta":{"_monsterinsights_skip_tracking":false,"_monsterinsights_sitenote_active":false,"_monsterinsights_sitenote_note":"","_monsterinsights_sitenote_category":0,"footnotes":""},"categories":[5],"tags":[94023,94289,67878],"class_list":["post-628205","post","type-post","status-publish","format-standard","has-post-thumbnail","hentry","category-estado-de-mexico","tag-camino","tag-trazo","tag-uaemex"],"_links":{"self":[{"href":"https:\/\/www.diarioimagen.net\/index.php?rest_route=\/wp\/v2\/posts\/628205","targetHints":{"allow":["GET"]}}],"collection":[{"href":"https:\/\/www.diarioimagen.net\/index.php?rest_route=\/wp\/v2\/posts"}],"about":[{"href":"https:\/\/www.diarioimagen.net\/index.php?rest_route=\/wp\/v2\/types\/post"}],"author":[{"embeddable":true,"href":"https:\/\/www.diarioimagen.net\/index.php?rest_route=\/wp\/v2\/users\/3"}],"replies":[{"embeddable":true,"href":"https:\/\/www.diarioimagen.net\/index.php?rest_route=%2Fwp%2Fv2%2Fcomments&post=628205"}],"version-history":[{"count":0,"href":"https:\/\/www.diarioimagen.net\/index.php?rest_route=\/wp\/v2\/posts\/628205\/revisions"}],"wp:featuredmedia":[{"embeddable":true,"href":"https:\/\/www.diarioimagen.net\/index.php?rest_route=\/wp\/v2\/media\/628247"}],"wp:attachment":[{"href":"https:\/\/www.diarioimagen.net\/index.php?rest_route=%2Fwp%2Fv2%2Fmedia&parent=628205"}],"wp:term":[{"taxonomy":"category","embeddable":true,"href":"https:\/\/www.diarioimagen.net\/index.php?rest_route=%2Fwp%2Fv2%2Fcategories&post=628205"},{"taxonomy":"post_tag","embeddable":true,"href":"https:\/\/www.diarioimagen.net\/index.php?rest_route=%2Fwp%2Fv2%2Ftags&post=628205"}],"curies":[{"name":"wp","href":"https:\/\/api.w.org\/{rel}","templated":true}]}}