{"id":628207,"date":"2024-08-01T00:08:29","date_gmt":"2024-08-01T06:08:29","guid":{"rendered":"https:\/\/www.diarioimagen.net\/?p=628207"},"modified":"2024-08-02T01:43:55","modified_gmt":"2024-08-02T07:43:55","slug":"uaemex-cuenta-con-programa-de-manejo-responsable-de-residuos-organicos","status":"publish","type":"post","link":"https:\/\/www.diarioimagen.net\/?p=628207","title":{"rendered":"UAEM\u00e9x cuenta con programa de manejo responsable de residuos org\u00e1nicos"},"content":{"rendered":"<p>&nbsp;<\/p>\n<div id=\"attachment_628245\" style=\"width: 470px\" class=\"wp-caption aligncenter\"><a href=\"https:\/\/www.diarioimagen.net\/?attachment_id=628245\" rel=\"attachment wp-att-628245\"><img loading=\"lazy\" decoding=\"async\" aria-describedby=\"caption-attachment-628245\" class=\"size-full wp-image-628245\" src=\"https:\/\/www.diarioimagen.net\/wp-content\/uploads\/2024\/08\/uaem-cuenta-con-programa.jpg\" alt=\"\" width=\"460\" height=\"270\" srcset=\"https:\/\/www.diarioimagen.net\/wp-content\/uploads\/2024\/08\/uaem-cuenta-con-programa.jpg 460w, https:\/\/www.diarioimagen.net\/wp-content\/uploads\/2024\/08\/uaem-cuenta-con-programa-240x141.jpg 240w\" sizes=\"auto, (max-width: 460px) 100vw, 460px\" \/><\/a><p id=\"caption-attachment-628245\" class=\"wp-caption-text\">A trav\u00e9s del Programa de Manejo de Residuos Org\u00e1nicos Universitarios, se invita a los universitarios a cuidar el ambiente.<\/p><\/div>\n<p>&nbsp;<\/p>\n<p><strong>Toluca, Estado de M\u00e9xico.<\/strong>\u2014 En el m\u00e1s reciente n\u00famero de la revista Universitaria, el bi\u00f3logo V\u00edctor Escutia Parra coment\u00f3 que actualmente en la Universidad Aut\u00f3noma del Estado de M\u00e9xico (UAEM\u00e9x) hay 14 espacios que realizan un manejo responsable de residuos org\u00e1nicos compostables.<\/p>\n<p>De acuerdo con la Secretar\u00eda del Medio Ambiente y Recursos Naturales (SEMARNAT), explic\u00f3 que estos desechos representan 51 por ciento de los residuos s\u00f3lidos urbanos en M\u00e9xico y provienen directamente de los seres vivos, como las hojas de los \u00e1rboles, los frutos que caen al suelo, insectos muertos o c\u00e1scaras de frutas. Sin embargo, al acumularse en las bolsas de basura o relleno sanitario, estos materiales crean gases de efecto invernadero da\u00f1inos para el ambiente y la salud.<\/p>\n<p>Para evitar el mal manejo de estos residuos, Escutia Parra explic\u00f3 que diversos espacios de la UAEM\u00e9x realizan el compostaje, una de las opciones m\u00e1s sencillas para ayudar a regresar componentes naturales al suelo, lo anterior, a trav\u00e9s del Programa de Manejo de Residuos Org\u00e1nicos Universitarios, del cual es responsable.<\/p>\n<p>El primer organismo acad\u00e9mico que se integr\u00f3 fue la Facultad de Odontolog\u00eda, en 2019, aunque la pandemia ralentiz\u00f3 la actividad. A la fecha, se cuenta con 14 espacios universitarios que trabajan en el programa como los planteles \u201cAdolfo L\u00f3pez Mateos\u201d y \u201cNezahualc\u00f3yotl\u201d de la Escuela Preparatoria y las facultades de Derecho, Antropolog\u00eda y Lenguas, entre otros.<\/p>\n<p>El a\u00f1o pasado, agreg\u00f3 el especialista, se generaron un total de 537 toneladas de compost o abono resultante y se us\u00f3 en el mantenimiento de \u00e1reas verdes, propagaci\u00f3n de plantas, creaci\u00f3n de huertos urbanos y mejoramiento del suelo en diferentes proyectos universitarios.<\/p>\n<p>Para finalizar, el investigador destac\u00f3 que para la UAEM\u00e9x esta actividad significa tener un recurso biol\u00f3gico para el cuidado ambiental y que deber\u00edan desarrollarse m\u00e1s proyectos similares. Por ello, invit\u00f3 a los interesados en la protecci\u00f3n a la naturaleza y otros temas similares a participar en el programa, a trav\u00e9s de la p\u00e1gina https:\/\/proteccionalambiente.uaemex.mx\/.<\/p>\n<p>Si quieres aprender a hacer una composta casera o quieres leer el art\u00edculo completo para saber m\u00e1s del tema, da clic en tu revista Universitaria <em>https:\/\/revistauniversitaria.uaemex.mx\/article\/view\/23598\/17569<\/em><\/p>\n","protected":false},"excerpt":{"rendered":"<p>En el m\u00e1s reciente n\u00famero de la revista Universitaria, el bi\u00f3logo V\u00edctor Escutia Parra coment\u00f3 que actualmente en la Universidad Aut\u00f3noma del Estado de M\u00e9xico (UAEM\u00e9x) hay 14 espacios que realizan un manejo responsable de residuos org\u00e1nicos compostables.<\/p>\n","protected":false},"author":3,"featured_media":628245,"comment_status":"open","ping_status":"open","sticky":false,"template":"","format":"standard","meta":{"_monsterinsights_skip_tracking":false,"_monsterinsights_sitenote_active":false,"_monsterinsights_sitenote_note":"","_monsterinsights_sitenote_category":0,"footnotes":""},"categories":[5],"tags":[48533,66172,67878],"class_list":["post-628207","post","type-post","status-publish","format-standard","has-post-thumbnail","hentry","category-estado-de-mexico","tag-programa","tag-residuos","tag-uaemex"],"_links":{"self":[{"href":"https:\/\/www.diarioimagen.net\/index.php?rest_route=\/wp\/v2\/posts\/628207","targetHints":{"allow":["GET"]}}],"collection":[{"href":"https:\/\/www.diarioimagen.net\/index.php?rest_route=\/wp\/v2\/posts"}],"about":[{"href":"https:\/\/www.diarioimagen.net\/index.php?rest_route=\/wp\/v2\/types\/post"}],"author":[{"embeddable":true,"href":"https:\/\/www.diarioimagen.net\/index.php?rest_route=\/wp\/v2\/users\/3"}],"replies":[{"embeddable":true,"href":"https:\/\/www.diarioimagen.net\/index.php?rest_route=%2Fwp%2Fv2%2Fcomments&post=628207"}],"version-history":[{"count":0,"href":"https:\/\/www.diarioimagen.net\/index.php?rest_route=\/wp\/v2\/posts\/628207\/revisions"}],"wp:featuredmedia":[{"embeddable":true,"href":"https:\/\/www.diarioimagen.net\/index.php?rest_route=\/wp\/v2\/media\/628245"}],"wp:attachment":[{"href":"https:\/\/www.diarioimagen.net\/index.php?rest_route=%2Fwp%2Fv2%2Fmedia&parent=628207"}],"wp:term":[{"taxonomy":"category","embeddable":true,"href":"https:\/\/www.diarioimagen.net\/index.php?rest_route=%2Fwp%2Fv2%2Fcategories&post=628207"},{"taxonomy":"post_tag","embeddable":true,"href":"https:\/\/www.diarioimagen.net\/index.php?rest_route=%2Fwp%2Fv2%2Ftags&post=628207"}],"curies":[{"name":"wp","href":"https:\/\/api.w.org\/{rel}","templated":true}]}}