{"id":628211,"date":"2024-08-01T00:04:55","date_gmt":"2024-08-01T06:04:55","guid":{"rendered":"https:\/\/www.diarioimagen.net\/?p=628211"},"modified":"2024-08-01T02:03:36","modified_gmt":"2024-08-01T08:03:36","slug":"no-existe-democracia-sindical-al-interior-del-smsem-maestros","status":"publish","type":"post","link":"https:\/\/www.diarioimagen.net\/?p=628211","title":{"rendered":"No existe democracia sindical al interior del SMSEM: maestros"},"content":{"rendered":"<p>&nbsp;<\/p>\n<h2 style=\"text-align: center;\">Divergencias ante relevo en dirigencia<\/h2>\n<p><strong>\u00a0<\/strong><\/p>\n<h6>Arturo Baena<\/h6>\n<p>&nbsp;<\/p>\n<div id=\"attachment_628279\" style=\"width: 470px\" class=\"wp-caption aligncenter\"><a href=\"https:\/\/www.diarioimagen.net\/?attachment_id=628279\" rel=\"attachment wp-att-628279\"><img loading=\"lazy\" decoding=\"async\" aria-describedby=\"caption-attachment-628279\" class=\"size-full wp-image-628279\" src=\"https:\/\/www.diarioimagen.net\/wp-content\/uploads\/2024\/08\/no-existe-democracia.jpg\" alt=\"\" width=\"460\" height=\"270\" srcset=\"https:\/\/www.diarioimagen.net\/wp-content\/uploads\/2024\/08\/no-existe-democracia.jpg 460w, https:\/\/www.diarioimagen.net\/wp-content\/uploads\/2024\/08\/no-existe-democracia-240x141.jpg 240w\" sizes=\"auto, (max-width: 460px) 100vw, 460px\" \/><\/a><p id=\"caption-attachment-628279\" class=\"wp-caption-text\">Maestros de Naucalpan, Tlalnepantla, Atizap\u00e1n y Cuautitl\u00e1n Izcalli reiteraron que no permitir\u00e1n \u201cmano negra\u201d en el proceso de relevo en la dirigencia sindical.<\/p><\/div>\n<p>&nbsp;<\/p>\n<p><strong>Toluca, Estado de M\u00e9xico.\u2014<\/strong> \u201cEs una verdadera l\u00e1stima para la democracia sindical, que no exista una oposici\u00f3n real al interior de las filas del Sindicato de Maestros al Servicio del Estado de M\u00e9xico (SMSEM) y uno de los m\u00e1s importantes del pa\u00eds\u201d.<\/p>\n<p>As\u00ed lo expresaron maestros mexiquenses de municipios del Valle de M\u00e9xico, como Naucalpan, Tlalnepantla, Atizap\u00e1n, Cuautitl\u00e1n Izcalli, entre otros, quienes demandaron tomar en cuenta a otros cuadros para la sucesi\u00f3n en la dirigencia de ese gremio.\u00a0 \u201cA pocos meses del relevo en el SMSEM, las \u00fanicas opciones que se vislumbran en una posible alternancia, son la encabezada por la hija de un alto mando de la Secretar\u00eda de Educaci\u00f3n; la impulsada por Seraf\u00edn Aguilera, actual subsecretario de Educaci\u00f3n B\u00e1sica\u201d, aseguraron.<\/p>\n<p>Los maestros reiteraron que no permitir\u00e1n la \u201cmano negra\u201d de quienes le fallaron al magisterio del Estado de M\u00e9xico, quienes solo se enriquecieran a manos llenas.<\/p>\n<p>\u201cNo podemos permitir el regreso de pillos para dejar, una vez m\u00e1s, vac\u00edas las arcas del SMSEM. Ah\u00ed est\u00e1n inmiscuidos grupos magisteriales con influencia de organizaciones sociales radicales como UPREZ y Codo 4, sin voluntad de mediar ni dialogar\u201d, remarcaron.<\/p>\n<p>Finalmente, puntualizaron que \u201cmucha falta le hace al magisterio mexiquense un verdadero l\u00edder de oposici\u00f3n, que realmente vea por los intereses del gremio, en lugar de responder a la mezquindad de un funcionario o grupo pol\u00edtico\u201d.<\/p>\n","protected":false},"excerpt":{"rendered":"<p>\u201cEs una verdadera l\u00e1stima para la democracia sindical, que no exista una oposici\u00f3n real al interior de las filas del Sindicato de Maestros al Servicio del Estado de M\u00e9xico (SMSEM) y uno de los m\u00e1s importantes del pa\u00eds\u201d.<\/p>\n","protected":false},"author":3,"featured_media":628279,"comment_status":"open","ping_status":"open","sticky":false,"template":"","format":"standard","meta":{"_monsterinsights_skip_tracking":false,"_monsterinsights_sitenote_active":false,"_monsterinsights_sitenote_note":"","_monsterinsights_sitenote_category":0,"footnotes":""},"categories":[5],"tags":[95423,66270,657],"class_list":["post-628211","post","type-post","status-publish","format-standard","has-post-thumbnail","hentry","category-estado-de-mexico","tag-interior","tag-maestro","tag-smsem"],"_links":{"self":[{"href":"https:\/\/www.diarioimagen.net\/index.php?rest_route=\/wp\/v2\/posts\/628211","targetHints":{"allow":["GET"]}}],"collection":[{"href":"https:\/\/www.diarioimagen.net\/index.php?rest_route=\/wp\/v2\/posts"}],"about":[{"href":"https:\/\/www.diarioimagen.net\/index.php?rest_route=\/wp\/v2\/types\/post"}],"author":[{"embeddable":true,"href":"https:\/\/www.diarioimagen.net\/index.php?rest_route=\/wp\/v2\/users\/3"}],"replies":[{"embeddable":true,"href":"https:\/\/www.diarioimagen.net\/index.php?rest_route=%2Fwp%2Fv2%2Fcomments&post=628211"}],"version-history":[{"count":0,"href":"https:\/\/www.diarioimagen.net\/index.php?rest_route=\/wp\/v2\/posts\/628211\/revisions"}],"wp:featuredmedia":[{"embeddable":true,"href":"https:\/\/www.diarioimagen.net\/index.php?rest_route=\/wp\/v2\/media\/628279"}],"wp:attachment":[{"href":"https:\/\/www.diarioimagen.net\/index.php?rest_route=%2Fwp%2Fv2%2Fmedia&parent=628211"}],"wp:term":[{"taxonomy":"category","embeddable":true,"href":"https:\/\/www.diarioimagen.net\/index.php?rest_route=%2Fwp%2Fv2%2Fcategories&post=628211"},{"taxonomy":"post_tag","embeddable":true,"href":"https:\/\/www.diarioimagen.net\/index.php?rest_route=%2Fwp%2Fv2%2Ftags&post=628211"}],"curies":[{"name":"wp","href":"https:\/\/api.w.org\/{rel}","templated":true}]}}