{"id":628215,"date":"2024-08-01T00:03:11","date_gmt":"2024-08-01T06:03:11","guid":{"rendered":"https:\/\/www.diarioimagen.net\/?p=628215"},"modified":"2024-08-01T02:02:50","modified_gmt":"2024-08-01T08:02:50","slug":"cierra-filas-el-dif-tlalnepantla-para-combatir-todo-tipo-de-violencia","status":"publish","type":"post","link":"https:\/\/www.diarioimagen.net\/?p=628215","title":{"rendered":"Cierra filas el DIF Tlalnepantla para combatir todo tipo de violencia"},"content":{"rendered":"<p>&nbsp;<\/p>\n<p><a href=\"https:\/\/www.diarioimagen.net\/?attachment_id=628277\" rel=\"attachment wp-att-628277\"><img loading=\"lazy\" decoding=\"async\" class=\"aligncenter size-full wp-image-628277\" src=\"https:\/\/www.diarioimagen.net\/wp-content\/uploads\/2024\/08\/cierra-filas-dif.jpg\" alt=\"\" width=\"460\" height=\"270\" srcset=\"https:\/\/www.diarioimagen.net\/wp-content\/uploads\/2024\/08\/cierra-filas-dif.jpg 460w, https:\/\/www.diarioimagen.net\/wp-content\/uploads\/2024\/08\/cierra-filas-dif-240x141.jpg 240w\" sizes=\"auto, (max-width: 460px) 100vw, 460px\" \/><\/a><\/p>\n<p>&nbsp;<\/p>\n<p><strong>Tlalnepantla, Estado de M\u00e9xico.\u2014 <\/strong>Al presentar la conferencia \u201cAcoso laboral. Construyendo espacios libres de violencia\u201d, la presidenta Honoraria del Sistema Municipal DIF de Tlalnepantla, Mary G\u00f3mez, asegur\u00f3 que de manera permanente esta instituci\u00f3n se suma a los esfuerzos que distintas instancias realizan para erradicar la violencia en sus distintas formas.<\/p>\n<p>\u201cEn el DIF Municipal trabajamos constantemente por construir m\u00e1s que un espacio laboral, un ambiente de familia, por lo que es de suma importancia tener acercamiento a este tipo de tem\u00e1ticas que atienden violencias que han estado y est\u00e1n presentes en la cotidianidad\u201d, afirm\u00f3.<\/p>\n<p>Puntualiz\u00f3 que de manera interna se implementan acciones para valorar a la persona, no solo como un trabajador, sino un sujeto\u00a0 con derechos, salvaguardando as\u00ed su dignidad y que esto a su vez se vea reflejado en el servicio de calidad que este organismo brinda.<\/p>\n","protected":false},"excerpt":{"rendered":"<p>Al presentar la conferencia \u201cAcoso laboral. Construyendo espacios libres de violencia\u201d, la presidenta Honoraria del Sistema Municipal DIF de Tlalnepantla, Mary G\u00f3mez, asegur\u00f3 que de manera permanente esta instituci\u00f3n se suma a los esfuerzos que distintas instancias realizan para erradicar la violencia en sus distintas formas.<\/p>\n","protected":false},"author":3,"featured_media":628277,"comment_status":"open","ping_status":"open","sticky":false,"template":"","format":"standard","meta":{"_monsterinsights_skip_tracking":false,"_monsterinsights_sitenote_active":false,"_monsterinsights_sitenote_note":"","_monsterinsights_sitenote_category":0,"footnotes":""},"categories":[5],"tags":[45431,2954,5066],"class_list":["post-628215","post","type-post","status-publish","format-standard","has-post-thumbnail","hentry","category-estado-de-mexico","tag-combatir","tag-dif","tag-violencia"],"_links":{"self":[{"href":"https:\/\/www.diarioimagen.net\/index.php?rest_route=\/wp\/v2\/posts\/628215","targetHints":{"allow":["GET"]}}],"collection":[{"href":"https:\/\/www.diarioimagen.net\/index.php?rest_route=\/wp\/v2\/posts"}],"about":[{"href":"https:\/\/www.diarioimagen.net\/index.php?rest_route=\/wp\/v2\/types\/post"}],"author":[{"embeddable":true,"href":"https:\/\/www.diarioimagen.net\/index.php?rest_route=\/wp\/v2\/users\/3"}],"replies":[{"embeddable":true,"href":"https:\/\/www.diarioimagen.net\/index.php?rest_route=%2Fwp%2Fv2%2Fcomments&post=628215"}],"version-history":[{"count":0,"href":"https:\/\/www.diarioimagen.net\/index.php?rest_route=\/wp\/v2\/posts\/628215\/revisions"}],"wp:featuredmedia":[{"embeddable":true,"href":"https:\/\/www.diarioimagen.net\/index.php?rest_route=\/wp\/v2\/media\/628277"}],"wp:attachment":[{"href":"https:\/\/www.diarioimagen.net\/index.php?rest_route=%2Fwp%2Fv2%2Fmedia&parent=628215"}],"wp:term":[{"taxonomy":"category","embeddable":true,"href":"https:\/\/www.diarioimagen.net\/index.php?rest_route=%2Fwp%2Fv2%2Fcategories&post=628215"},{"taxonomy":"post_tag","embeddable":true,"href":"https:\/\/www.diarioimagen.net\/index.php?rest_route=%2Fwp%2Fv2%2Ftags&post=628215"}],"curies":[{"name":"wp","href":"https:\/\/api.w.org\/{rel}","templated":true}]}}