{"id":628364,"date":"2024-08-02T00:05:24","date_gmt":"2024-08-02T06:05:24","guid":{"rendered":"https:\/\/www.diarioimagen.net\/?p=628364"},"modified":"2024-08-04T22:23:13","modified_gmt":"2024-08-05T04:23:13","slug":"invitan-a-mexiquenses-a-participar-por-el-premio-estatal-de-la-juventud-2024","status":"publish","type":"post","link":"https:\/\/www.diarioimagen.net\/?p=628364","title":{"rendered":"Invitan a mexiquenses a participar por el Premio Estatal de la Juventud 2024"},"content":{"rendered":"<p>&nbsp;<\/p>\n<h2 style=\"text-align: center;\">La premiaci\u00f3n estar\u00e1 dividida en tres rangos de edad<\/h2>\n<p>&nbsp;<\/p>\n<ul>\n<li><strong><em>Reconocen labor de las juventudes para potencializar la transformaci\u00f3n de la entidad<\/em><\/strong><\/li>\n<\/ul>\n<p><strong>\u00a0<\/strong><\/p>\n<div id=\"attachment_628485\" style=\"width: 470px\" class=\"wp-caption aligncenter\"><a href=\"https:\/\/www.diarioimagen.net\/?attachment_id=628485\" rel=\"attachment wp-att-628485\"><img loading=\"lazy\" decoding=\"async\" aria-describedby=\"caption-attachment-628485\" class=\"size-full wp-image-628485\" src=\"https:\/\/www.diarioimagen.net\/wp-content\/uploads\/2024\/08\/invitan-a-mexiquenses.jpg\" alt=\"\" width=\"460\" height=\"270\" srcset=\"https:\/\/www.diarioimagen.net\/wp-content\/uploads\/2024\/08\/invitan-a-mexiquenses.jpg 460w, https:\/\/www.diarioimagen.net\/wp-content\/uploads\/2024\/08\/invitan-a-mexiquenses-240x141.jpg 240w\" sizes=\"auto, (max-width: 460px) 100vw, 460px\" \/><\/a><p id=\"caption-attachment-628485\" class=\"wp-caption-text\">Conovocan a las personas de 12 a 29 a\u00f1os, nacidas en el Estado de M\u00e9xico a participar para obtener el Premio Estatal de la Juventud (PEJ) 2024.<\/p><\/div>\n<p>&nbsp;<\/p>\n<p><strong>Toluca, Estado de M\u00e9xico.\u2014 <\/strong>La Secretar\u00eda de Bienestar del Estado de M\u00e9xico convoca a las personas de 12 a 29 a\u00f1os, nacidas en el Estado de M\u00e9xico a participar para obtener el Premio Estatal de la Juventud (PEJ) 2024, el cual ser\u00e1 entregado por la Gobernadora Delfina G\u00f3mez \u00c1lvarez para reconocer el esfuerzo, constancia y esmero de este grupo de la poblaci\u00f3n, quienes mediante su trabajo impulsan el desarrollo de la entidad.<\/p>\n<p>La premiaci\u00f3n estar\u00e1 dividida en tres categor\u00edas por rango de edad: A) de 12 a 17 a\u00f1os; B) de 18 a 24 a\u00f1os y C) de 25 a 29 a\u00f1os cumplidos al momento de su registro.<\/p>\n<p>A partir de la publicaci\u00f3n de la convocatoria y hasta el viernes 2 de agosto de 2024, las interesadas y los interesados pueden inscribirse a trav\u00e9s del formulario de Google Forms <em>https:\/\/forms.gle\/axmEoTfPDMo5Q4jy9<\/em> en alguna de las siguientes modalidades: Trayectoria Acad\u00e9mica; Labor Social; Labor Ind\u00edgena; Trayectoria Art\u00edstica y Cultural; Superaci\u00f3n de J\u00f3venes con Discapacidad; Innovaci\u00f3n Tecnol\u00f3gica; Protecci\u00f3n al Ambiente; J\u00f3venes del Campo; J\u00f3venes Emprendedores; as\u00ed como Cultura Pol\u00edtica y Democracia.<\/p>\n<p>Los requisitos son carta de postulaci\u00f3n dirigida al Consejo Calificador del Premio Estatal de la Juventud 2024; identificaci\u00f3n oficial vigente con fotograf\u00eda, en caso de ser menor de edad, credencial de instituci\u00f3n educativa con fotograf\u00eda, as\u00ed como identificaci\u00f3n oficial del padre, madre o persona tutora; comprobante de domicilio no mayor a tres meses; acta de nacimiento; Clave \u00danica de Registro de Poblaci\u00f3n (CURP); Curr\u00edculum Vitae y correo electr\u00f3nico vigente, en el cual se enviar\u00e1 el documento que acredite el registro de la persona participante.<\/p>\n<p>En el caso de personas j\u00f3venes con discapacidad se deber\u00e1 presentar el certificado m\u00e9dico expedido por la autoridad de salud, que precise el tipo y grado de discapacidad.<\/p>\n<p>Las personas menores de edad deber\u00e1n llenar el archivo de la carta responsiva, as\u00ed como recabar la firma de la persona tutora, que se podr\u00e1 encontrar en la p\u00e1gina oficial del Instituto Mexiquense de la Juventud (IMEJ): <em>https:\/\/imej.edomex.gob.mx\/<\/em>.<\/p>\n<p>La evaluaci\u00f3n de las candidaturas inscritas ser\u00e1 realizada por el Consejo Calificador integrado por el Presidente, Juan Carlos Gonz\u00e1lez Romero, Secretario de Bienestar.<\/p>\n","protected":false},"excerpt":{"rendered":"<p>La Secretar\u00eda de Bienestar del Estado de M\u00e9xico convoca a las personas de 12 a 29 a\u00f1os, nacidas en el Estado de M\u00e9xico a participar para obtener el Premio Estatal de la Juventud (PEJ) 2024, el cual ser\u00e1 entregado por la Gobernadora Delfina G\u00f3mez \u00c1lvarez para reconocer el esfuerzo, constancia y esmero de este grupo de la poblaci\u00f3n, quienes mediante su trabajo impulsan el desarrollo de la entidad.<\/p>\n","protected":false},"author":3,"featured_media":628485,"comment_status":"open","ping_status":"open","sticky":false,"template":"","format":"standard","meta":{"_monsterinsights_skip_tracking":false,"_monsterinsights_sitenote_active":false,"_monsterinsights_sitenote_note":"","_monsterinsights_sitenote_category":0,"footnotes":""},"categories":[5,99730],"tags":[43675,761,452],"class_list":["post-628364","post","type-post","status-publish","format-standard","has-post-thumbnail","hentry","category-estado-de-mexico","category-edomex","tag-estado-de-mexico","tag-premio-estatal-de-la-juventud","tag-toluca"],"_links":{"self":[{"href":"https:\/\/www.diarioimagen.net\/index.php?rest_route=\/wp\/v2\/posts\/628364","targetHints":{"allow":["GET"]}}],"collection":[{"href":"https:\/\/www.diarioimagen.net\/index.php?rest_route=\/wp\/v2\/posts"}],"about":[{"href":"https:\/\/www.diarioimagen.net\/index.php?rest_route=\/wp\/v2\/types\/post"}],"author":[{"embeddable":true,"href":"https:\/\/www.diarioimagen.net\/index.php?rest_route=\/wp\/v2\/users\/3"}],"replies":[{"embeddable":true,"href":"https:\/\/www.diarioimagen.net\/index.php?rest_route=%2Fwp%2Fv2%2Fcomments&post=628364"}],"version-history":[{"count":0,"href":"https:\/\/www.diarioimagen.net\/index.php?rest_route=\/wp\/v2\/posts\/628364\/revisions"}],"wp:featuredmedia":[{"embeddable":true,"href":"https:\/\/www.diarioimagen.net\/index.php?rest_route=\/wp\/v2\/media\/628485"}],"wp:attachment":[{"href":"https:\/\/www.diarioimagen.net\/index.php?rest_route=%2Fwp%2Fv2%2Fmedia&parent=628364"}],"wp:term":[{"taxonomy":"category","embeddable":true,"href":"https:\/\/www.diarioimagen.net\/index.php?rest_route=%2Fwp%2Fv2%2Fcategories&post=628364"},{"taxonomy":"post_tag","embeddable":true,"href":"https:\/\/www.diarioimagen.net\/index.php?rest_route=%2Fwp%2Fv2%2Ftags&post=628364"}],"curies":[{"name":"wp","href":"https:\/\/api.w.org\/{rel}","templated":true}]}}