{"id":628375,"date":"2024-08-02T00:01:37","date_gmt":"2024-08-02T06:01:37","guid":{"rendered":"https:\/\/www.diarioimagen.net\/?p=628375"},"modified":"2024-08-02T01:55:29","modified_gmt":"2024-08-02T07:55:29","slug":"la-reeleccion-de-cargos-de-eleccion-popular-hasta-2027-gabriela-valdepenas","status":"publish","type":"post","link":"https:\/\/www.diarioimagen.net\/?p=628375","title":{"rendered":"La reelecci\u00f3n de cargos de elecci\u00f3n popular, hasta 2027: Gabriela Valdepe\u00f1as"},"content":{"rendered":"<p>&nbsp;<\/p>\n<ul>\n<li><em><strong>Diputada federal electa<\/strong><\/em><\/li>\n<\/ul>\n<p>&nbsp;<\/p>\n<div id=\"attachment_628473\" style=\"width: 470px\" class=\"wp-caption aligncenter\"><a href=\"https:\/\/www.diarioimagen.net\/?attachment_id=628473\" rel=\"attachment wp-att-628473\"><img loading=\"lazy\" decoding=\"async\" aria-describedby=\"caption-attachment-628473\" class=\"size-full wp-image-628473\" src=\"https:\/\/www.diarioimagen.net\/wp-content\/uploads\/2024\/08\/reeleccion-de-cargoz.jpg\" alt=\"\" width=\"460\" height=\"270\" srcset=\"https:\/\/www.diarioimagen.net\/wp-content\/uploads\/2024\/08\/reeleccion-de-cargoz.jpg 460w, https:\/\/www.diarioimagen.net\/wp-content\/uploads\/2024\/08\/reeleccion-de-cargoz-240x141.jpg 240w\" sizes=\"auto, (max-width: 460px) 100vw, 460px\" \/><\/a><p id=\"caption-attachment-628473\" class=\"wp-caption-text\">Gabriela Valdepe\u00f1as afirm\u00f3 que se pugnar\u00e1 para que la reforma que cancela la reelecci\u00f3n de todos los funcionarios de elecci\u00f3n popular entre en vigor en 2027.<\/p><\/div>\n<p>&nbsp;<\/p>\n<p><strong>Tlalnepantla, Estado de M\u00e9xico.\u2014<\/strong> La diputada federal electa, Gabriela Valdepe\u00f1as Gonz\u00e1lez, afirm\u00f3 que se pugnar\u00e1 para que la reforma que cancela la reelecci\u00f3n de todos los funcionarios de elecci\u00f3n popular del pa\u00eds, y que impulsar\u00e1 el partido Morena en la pr\u00f3xima legislatura federal, entre en vigor en 2027.<\/p>\n<p>Actualmente, los senadores pueden reelegirse en una ocasi\u00f3n, lo que les permite ocupar el puesto por 12 a\u00f1os; los diputados federales por tres trienios, con lo que podr\u00edan sumar tambi\u00e9n 12 a\u00f1os en la curul, mientras que los diputados locales y alcaldes por una ocasi\u00f3n, es decir, seis a\u00f1os en el presupuesto.<\/p>\n<p>Al respecto, Gabriela Valdepe\u00f1as Gonz\u00e1lez, diputada federal electa por el Distrito 19 con cabecera en el municipio de Tlalnepantla, explic\u00f3 que bajo el mandato del ex presidente priista Enrique Pe\u00f1a Nieto se realizaron las Reformas Constitucionales que permitieron la reelecci\u00f3n en M\u00e9xico.<\/p>\n<p>\u201cNosotros entendemos que la perpetuidad en el poder ha sido uno de los grandes factores para que se cometen infinidad de injusticias en los diferentes sectores de la sociedad, por ello vamos a apostarle a que no haya reelecci\u00f3n en el poder ejecutivo, c\u00e1maras federales, estatales y alcald\u00edas\u201d.<\/p>\n<p>Durante una la Asamblea Informativo sobre las reforma al Poder Judicial que se llev\u00f3 a cabo en el municipio de Tlalnepantla con el tema \u201cSufragio Efectivo No Reelecci\u00f3n\u201d, Valdepe\u00f1as Gonz\u00e1lez advirti\u00f3 que la perpetuidad en el poder le permite a partidos y grupos pol\u00edticos manipular los procesos de elecci\u00f3n para ganarlos.<\/p>\n<p>\u201cEso es una violaci\u00f3n flagrante en el ejercicio de la democracia, por ello los mexicanos y mexicanas que en los pasados comicios votaron por el Plan C que representa la presidenta electa Claudia Sheinbaum, quieren que se realicen reformas estructurales para garantizar la democracia y la impartici\u00f3n de justicia en el pa\u00eds\u201d.<\/p>\n","protected":false},"excerpt":{"rendered":"<p>La diputada federal electa, Gabriela Valdepe\u00f1as Gonz\u00e1lez, afirm\u00f3 que se pugnar\u00e1 para que la reforma que cancela la reelecci\u00f3n de todos los funcionarios de elecci\u00f3n popular del pa\u00eds, y que impulsar\u00e1 el partido Morena en la pr\u00f3xima legislatura federal, entre en vigor en 2027.<\/p>\n","protected":false},"author":3,"featured_media":628473,"comment_status":"open","ping_status":"open","sticky":false,"template":"","format":"standard","meta":{"_monsterinsights_skip_tracking":false,"_monsterinsights_sitenote_active":false,"_monsterinsights_sitenote_note":"","_monsterinsights_sitenote_category":0,"footnotes":""},"categories":[5],"tags":[100484,43675,100485,169],"class_list":["post-628375","post","type-post","status-publish","format-standard","has-post-thumbnail","hentry","category-estado-de-mexico","tag-elelccion","tag-estado-de-mexico","tag-popular","tag-tlalnepantla"],"_links":{"self":[{"href":"https:\/\/www.diarioimagen.net\/index.php?rest_route=\/wp\/v2\/posts\/628375","targetHints":{"allow":["GET"]}}],"collection":[{"href":"https:\/\/www.diarioimagen.net\/index.php?rest_route=\/wp\/v2\/posts"}],"about":[{"href":"https:\/\/www.diarioimagen.net\/index.php?rest_route=\/wp\/v2\/types\/post"}],"author":[{"embeddable":true,"href":"https:\/\/www.diarioimagen.net\/index.php?rest_route=\/wp\/v2\/users\/3"}],"replies":[{"embeddable":true,"href":"https:\/\/www.diarioimagen.net\/index.php?rest_route=%2Fwp%2Fv2%2Fcomments&post=628375"}],"version-history":[{"count":0,"href":"https:\/\/www.diarioimagen.net\/index.php?rest_route=\/wp\/v2\/posts\/628375\/revisions"}],"wp:featuredmedia":[{"embeddable":true,"href":"https:\/\/www.diarioimagen.net\/index.php?rest_route=\/wp\/v2\/media\/628473"}],"wp:attachment":[{"href":"https:\/\/www.diarioimagen.net\/index.php?rest_route=%2Fwp%2Fv2%2Fmedia&parent=628375"}],"wp:term":[{"taxonomy":"category","embeddable":true,"href":"https:\/\/www.diarioimagen.net\/index.php?rest_route=%2Fwp%2Fv2%2Fcategories&post=628375"},{"taxonomy":"post_tag","embeddable":true,"href":"https:\/\/www.diarioimagen.net\/index.php?rest_route=%2Fwp%2Fv2%2Ftags&post=628375"}],"curies":[{"name":"wp","href":"https:\/\/api.w.org\/{rel}","templated":true}]}}