{"id":628380,"date":"2024-08-02T00:02:00","date_gmt":"2024-08-02T06:02:00","guid":{"rendered":"https:\/\/www.diarioimagen.net\/?p=628380"},"modified":"2024-08-02T02:12:49","modified_gmt":"2024-08-02T08:12:49","slug":"la-pedalista-marcela-prieto-entrara-en-accion-el-domingo","status":"publish","type":"post","link":"https:\/\/www.diarioimagen.net\/?p=628380","title":{"rendered":"La pedalista Marcela Prieto entrar\u00e1 en acci\u00f3n el domingo"},"content":{"rendered":"<p>&nbsp;<\/p>\n<ul>\n<li><em><strong>La competencia se llevar\u00e1 a cabo en el \u201cTrocadero\u201d<\/strong><\/em><\/li>\n<\/ul>\n<p>&nbsp;<\/p>\n<div id=\"attachment_628514\" style=\"width: 470px\" class=\"wp-caption aligncenter\"><a href=\"https:\/\/www.diarioimagen.net\/?attachment_id=628514\" rel=\"attachment wp-att-628514\"><img loading=\"lazy\" decoding=\"async\" aria-describedby=\"caption-attachment-628514\" class=\"size-full wp-image-628514\" src=\"https:\/\/www.diarioimagen.net\/wp-content\/uploads\/2024\/08\/pedalista-marcela.jpg\" alt=\"\" width=\"460\" height=\"270\" srcset=\"https:\/\/www.diarioimagen.net\/wp-content\/uploads\/2024\/08\/pedalista-marcela.jpg 460w, https:\/\/www.diarioimagen.net\/wp-content\/uploads\/2024\/08\/pedalista-marcela-240x141.jpg 240w\" sizes=\"auto, (max-width: 460px) 100vw, 460px\" \/><\/a><p id=\"caption-attachment-628514\" class=\"wp-caption-text\">Marcela Prieto Casta\u00f1eda clasific\u00f3 a la justa ol\u00edmpica tras ser la mejor rankeada por la Uni\u00f3n Ciclista Internacional durante la temporada 2023.<\/p><\/div>\n<p>&nbsp;<\/p>\n<p><strong>Valle de Bravo, Estado de M\u00e9xico.\u2014<\/strong> En la prueba de ruta, la pedalista mexiquense Marcela Elizabeth Prieto Casta\u00f1eda participar\u00e1 el pr\u00f3ximo 4 de agosto en los Juegos Ol\u00edmpicos Par\u00eds 2024, la cita deportiva m\u00e1s importante de su vida.<\/p>\n<p>La ciclista mexiquense llega a esta competencia con el apoyo del Gobierno del Estado de M\u00e9xico, encabezado por la Maestra Delfina G\u00f3mez \u00c1lvarez, a trav\u00e9s de la Secretar\u00eda de Educaci\u00f3n, Ciencia, Tecnolog\u00eda e Innovaci\u00f3n (SECTI) y su Direcci\u00f3n General de Cultura F\u00edsica y Deporte (DGCUFIDE).<\/p>\n<p>Al respecto, Marcela Prieto agradeci\u00f3 el apoyo de las autoridades estatales y resalt\u00f3 que \u201csiempre me han apoyado con becas y lo que se necesite, tengo la oportunidad de estar presente en las instalaciones del Estado de M\u00e9xico y han colaborado en muchas cosas\u201d.<\/p>\n<p>La competencia para Prieto Casta\u00f1eda, quien clasific\u00f3 a la justa ol\u00edmpica gracias a ser la mejor rankeada por la Uni\u00f3n Ciclista Internacional durante la temporada 2023, se llevar\u00e1 a cabo en el Trocadero a las 14:00 horas (hora de Par\u00eds, Francia), 06:00 horas (hora de M\u00e9xico).<\/p>\n<p>La atleta del Estado de M\u00e9xico se\u00f1al\u00f3 sentirse motivada para encarar la justa deportiva: \u201ccreo que mi objetivo es estar f\u00edsicamente de la mejor manera para enfrentar esta prueba lo mejor posible y disfrutarla, no es imposible llegar a tener una medalla\u201d.<\/p>\n<p>La deportista record\u00f3 que no fue sencillo llegar a los Juegos Ol\u00edmpicos, ya que durante el ciclo anterior busc\u00f3 llegar a Tokio, Jap\u00f3n, pero no lo consigui\u00f3; para esta edici\u00f3n volvi\u00f3 a intentarlo, sobre todo en 2023, participando en diferentes competencias internacionales.<\/p>\n","protected":false},"excerpt":{"rendered":"<p>En la prueba de ruta, la pedalista mexiquense Marcela Elizabeth Prieto Casta\u00f1eda participar\u00e1 el pr\u00f3ximo 4 de agosto en los Juegos Ol\u00edmpicos Par\u00eds 2024, la cita deportiva m\u00e1s importante de su vida.<\/p>\n","protected":false},"author":3,"featured_media":628514,"comment_status":"open","ping_status":"open","sticky":false,"template":"","format":"standard","meta":{"_monsterinsights_skip_tracking":false,"_monsterinsights_sitenote_active":false,"_monsterinsights_sitenote_note":"","_monsterinsights_sitenote_category":0,"footnotes":""},"categories":[10],"tags":[43675,100486,100487,1458],"class_list":["post-628380","post","type-post","status-publish","format-standard","has-post-thumbnail","hentry","category-deportes","tag-estado-de-mexico","tag-marcela-elizabeth-prieto-castaneda","tag-paris-2024","tag-valle-de-bravo"],"_links":{"self":[{"href":"https:\/\/www.diarioimagen.net\/index.php?rest_route=\/wp\/v2\/posts\/628380","targetHints":{"allow":["GET"]}}],"collection":[{"href":"https:\/\/www.diarioimagen.net\/index.php?rest_route=\/wp\/v2\/posts"}],"about":[{"href":"https:\/\/www.diarioimagen.net\/index.php?rest_route=\/wp\/v2\/types\/post"}],"author":[{"embeddable":true,"href":"https:\/\/www.diarioimagen.net\/index.php?rest_route=\/wp\/v2\/users\/3"}],"replies":[{"embeddable":true,"href":"https:\/\/www.diarioimagen.net\/index.php?rest_route=%2Fwp%2Fv2%2Fcomments&post=628380"}],"version-history":[{"count":0,"href":"https:\/\/www.diarioimagen.net\/index.php?rest_route=\/wp\/v2\/posts\/628380\/revisions"}],"wp:featuredmedia":[{"embeddable":true,"href":"https:\/\/www.diarioimagen.net\/index.php?rest_route=\/wp\/v2\/media\/628514"}],"wp:attachment":[{"href":"https:\/\/www.diarioimagen.net\/index.php?rest_route=%2Fwp%2Fv2%2Fmedia&parent=628380"}],"wp:term":[{"taxonomy":"category","embeddable":true,"href":"https:\/\/www.diarioimagen.net\/index.php?rest_route=%2Fwp%2Fv2%2Fcategories&post=628380"},{"taxonomy":"post_tag","embeddable":true,"href":"https:\/\/www.diarioimagen.net\/index.php?rest_route=%2Fwp%2Fv2%2Ftags&post=628380"}],"curies":[{"name":"wp","href":"https:\/\/api.w.org\/{rel}","templated":true}]}}