{"id":628427,"date":"2024-08-02T00:03:50","date_gmt":"2024-08-02T06:03:50","guid":{"rendered":"https:\/\/www.diarioimagen.net\/?p=628427"},"modified":"2024-08-02T01:03:10","modified_gmt":"2024-08-02T07:03:10","slug":"perlas-en-el-nuevo-gabinete","status":"publish","type":"post","link":"https:\/\/www.diarioimagen.net\/?p=628427","title":{"rendered":"Perlas en el nuevo gabinete"},"content":{"rendered":"<h2>Espacio Electoral<\/h2>\n<h5>Eleazar Flores<\/h5>\n<p>&nbsp;<\/p>\n<p><strong>INCUESTIONABLES, CUESTIONADOS E INC\u00d3GNITAS-.<\/strong> Como en la vi\u00f1a del se\u00f1or, en nombres del PRIMER GABINETE 2024-2030 hay de todo, reconocidos-as por lo hecho\u00a0 o no hecho tan bien en el pasado inmediato, y los m\u00e1s, destacados en su medio con inc\u00f3gnitas de lo que ser\u00edan capaces hoy.<\/p>\n<p>PROBADOS-AS-. Sin duda de su capacidad, destacan, incluso con buena imagen p\u00fablica, el futuro canciller Juan Ram\u00f3n de la Fuente, zedillista secretario de Salud, ex rector de la UNAM y embajador de M\u00e9xico en la ONU, con desempe\u00f1o destacado en la Comisi\u00f3n de Seguridad por lo asuntos que tuvo que atender, con propiedad.<\/p>\n<p>El pr\u00f3ximo Secretario de Econom\u00eda Marcelo Ebrard, que como titular de Relaciones Exteriores atendi\u00f3 asuntos a gusto de su jefe, como los casos del ex presidente boliviano Evo Morales y\u00a0 Nicol\u00e1s Maduro; pero resolvi\u00f3 positivamente contingencias del pa\u00eds como la escasez de gasolina a principios de 2019, hasta comprando pipas repartidoras de combustible, ignor\u00e1ndose a la fecha su destino, pero eso es otra cosa.<\/p>\n<p>En la secretar\u00eda de la Funci\u00f3n P\u00fablica estar\u00e1 Raquel Buenrostro, cuya eficiencia al frente del SAT\u00a0 la reconocen hasta los GRANDES CAUSANTES que meti\u00f3 en cintura, pero ahora tendr\u00e1n que preocuparse los futuros funcionarios del gobierno, quienes tendr\u00e1n que caminar derechito si es que\u00a0 no quieren enfrentarse a una mujer con no tan buena imagen p\u00fablica pero de reconocida eficiencia.<\/p>\n<p>Si como futura Secretaria de Gobernaci\u00f3n cae en contradicciones como las que registra al frente de la Secretar\u00eda de Seguridad Ciudadana, prefiero recordar a Rosa Icela Rodr\u00edguez como excelente periodista, pero su lealtad, a ya sabe qui\u00e9n, le ha permitido ascender en la escalera guinda, enfrentando la cr\u00edtica por el estilo personal de tratar a la delincuencia con abrazos y no balazos.<\/p>\n<p><strong>REPETIDORES-AS-.<\/strong> De ratificados-as o\u00a0 removidos-as a otros cargos, procede incluir a L\u00e1zaro C\u00e1rdenas Batel -con benepl\u00e1cito superior- o la justificaci\u00f3n para Mario Delgado en la SEP, que se entiende plenamente, dado que el magisterio es buen promotor de votos, d\u00factil como los siervos de la naci\u00f3n, que manej\u00f3 en su momento al frente de Morena.<\/p>\n<p><strong>REPROBADA-.<\/strong> A juicio de los opin\u00f3logos, quien de plano REPRUEBA en su nominaci\u00f3n es la Consejera Jur\u00eddica Cristinas Godoy, salvo que aclarara satisfactoriamente el nubarr\u00f3n de la LICENCIA FALSA DE MANEJAR que le INVENT\u00d3 su Fiscal\u00eda\u00a0 a Rosario Robles Berlanga, documento en el que se basaron para privarla de la libertad por casi CINCO A\u00d1OS, as\u00ed de grave<\/p>\n<p><strong>LOS-AS DEM\u00c1S-.<\/strong> Ser\u00eda injusto a priori opinar de los futuros nuevos funcionarios de primer nivel que asumir\u00e1n cargos, pues en sus medios sobresalen por sus m\u00e9ritos cient\u00edficos, acad\u00e9micos, de investigaci\u00f3n y creatividad, por lo que lo m\u00e1s justo ser\u00e1 esperar\u2026<\/p>\n<p>Como en Sedena y Marina. \u00bfY de Arturito Zald\u00edvar?, se acab\u00f3 el espacio, l\u00e1stima.<\/p>\n<p><em><a href=\"mailto:elefa44@gmail.com\" target=\"_blank\" rel=\"noopener noreferrer\">elefa44@gmail.com<\/a><\/em><\/p>\n","protected":false},"excerpt":{"rendered":"<p><span style=\"color: #005497;\"><strong>Eleazar Flores<\/strong><\/span><\/p>\n","protected":false},"author":3,"featured_media":0,"comment_status":"open","ping_status":"open","sticky":false,"template":"","format":"standard","meta":{"_monsterinsights_skip_tracking":false,"_monsterinsights_sitenote_active":false,"_monsterinsights_sitenote_note":"","_monsterinsights_sitenote_category":0,"footnotes":""},"categories":[81743],"tags":[81744,81776,43674],"class_list":["post-628427","post","type-post","status-publish","format-standard","hentry","category-eleazar-flores","tag-eleazar-flores","tag-espacio-electoral","tag-opinion"],"_links":{"self":[{"href":"https:\/\/www.diarioimagen.net\/index.php?rest_route=\/wp\/v2\/posts\/628427","targetHints":{"allow":["GET"]}}],"collection":[{"href":"https:\/\/www.diarioimagen.net\/index.php?rest_route=\/wp\/v2\/posts"}],"about":[{"href":"https:\/\/www.diarioimagen.net\/index.php?rest_route=\/wp\/v2\/types\/post"}],"author":[{"embeddable":true,"href":"https:\/\/www.diarioimagen.net\/index.php?rest_route=\/wp\/v2\/users\/3"}],"replies":[{"embeddable":true,"href":"https:\/\/www.diarioimagen.net\/index.php?rest_route=%2Fwp%2Fv2%2Fcomments&post=628427"}],"version-history":[{"count":0,"href":"https:\/\/www.diarioimagen.net\/index.php?rest_route=\/wp\/v2\/posts\/628427\/revisions"}],"wp:attachment":[{"href":"https:\/\/www.diarioimagen.net\/index.php?rest_route=%2Fwp%2Fv2%2Fmedia&parent=628427"}],"wp:term":[{"taxonomy":"category","embeddable":true,"href":"https:\/\/www.diarioimagen.net\/index.php?rest_route=%2Fwp%2Fv2%2Fcategories&post=628427"},{"taxonomy":"post_tag","embeddable":true,"href":"https:\/\/www.diarioimagen.net\/index.php?rest_route=%2Fwp%2Fv2%2Ftags&post=628427"}],"curies":[{"name":"wp","href":"https:\/\/api.w.org\/{rel}","templated":true}]}}