{"id":628541,"date":"2024-08-05T00:07:53","date_gmt":"2024-08-05T06:07:53","guid":{"rendered":"https:\/\/www.diarioimagen.net\/?p=628541"},"modified":"2024-08-05T21:47:02","modified_gmt":"2024-08-06T03:47:02","slug":"fernando-zarur-egresado-uaemex-refleja-problematicas-sociales-a-traves-de-la-pintura","status":"publish","type":"post","link":"https:\/\/www.diarioimagen.net\/?p=628541","title":{"rendered":"Fernando Zarur, egresado UAEM\u00e9x, refleja problem\u00e1ticas sociales a trav\u00e9s de la pintura"},"content":{"rendered":"<p>&nbsp;<\/p>\n<div id=\"attachment_628623\" style=\"width: 470px\" class=\"wp-caption aligncenter\"><a href=\"https:\/\/www.diarioimagen.net\/?attachment_id=628623\" rel=\"attachment wp-att-628623\"><img loading=\"lazy\" decoding=\"async\" aria-describedby=\"caption-attachment-628623\" class=\"size-full wp-image-628623\" src=\"https:\/\/www.diarioimagen.net\/wp-content\/uploads\/2024\/08\/uaem-fernando-zarur.jpg\" alt=\"\" width=\"460\" height=\"270\" srcset=\"https:\/\/www.diarioimagen.net\/wp-content\/uploads\/2024\/08\/uaem-fernando-zarur.jpg 460w, https:\/\/www.diarioimagen.net\/wp-content\/uploads\/2024\/08\/uaem-fernando-zarur-240x141.jpg 240w\" sizes=\"auto, (max-width: 460px) 100vw, 460px\" \/><\/a><p id=\"caption-attachment-628623\" class=\"wp-caption-text\">Fernando Zarur Guti\u00e9rrez, egresado de la Licenciatura en Artes Pl\u00e1sticas de la UAEM\u00e9x, es un artista emergente que ve a la naturaleza como una de sus principales fuentes de inspiraci\u00f3n, pues desde una visi\u00f3n cr\u00edtica, analiza c\u00f3mo se ha da\u00f1ado y perjudicado, principalmente por el desmedido uso de los recursos naturales en beneficio de la sociedad.<\/p><\/div>\n<p>&nbsp;<\/p>\n<p><strong>Ciudad de M\u00e9xico.\u2014<\/strong> Con el fin de reflejar diferentes contextos y problem\u00e1ticas clim\u00e1ticas, sociales y pol\u00edticas que viven los espacios rurales y perif\u00e9ricos, Fernando Zarur Guti\u00e9rrez, egresado de la Facultad de Artes de la Universidad Aut\u00f3noma del Estado de M\u00e9xico (UAEM\u00e9x), utiliza la pintura como principal medio de expresi\u00f3n para plasmar a la naturaleza desde diferentes perspectivas cr\u00edticas.<\/p>\n<p>Con una experiencia formal de aproximadamente cinco a\u00f1os y con m\u00e1s de 200 obras y bocetos realizados, Fernando Zarur es un artista emergente que ve a la pintura como una manera sencilla e \u00edntima de acercar a las personas al mundo y espacios donde viven, siendo la naturaleza una de sus principales fuentes de inspiraci\u00f3n, pues en los \u00faltimos a\u00f1os se ha visto perjudicada y da\u00f1ada, principalmente por el desmedido uso de los recursos naturales en beneficio de la sociedad.<\/p>\n<p>El egresado de la Licenciatura en Artes Pl\u00e1sticas de la UAEM\u00e9x coment\u00f3 que su primer acercamiento a la naturaleza lo plasm\u00f3 en su obra \u201cLa desaparici\u00f3n de Zacar\u00edas\u201d, pues en la b\u00fasqueda de un familiar desaparecido se introdujo a grandes campos y cerros donde las ramas, los \u00e1rboles y la maleza lo acompa\u00f1aban en su camino.<\/p>\n<p>Es as\u00ed como Fernando Zarur encontr\u00f3 en el arte una forma de dar respuesta a los cuestionamientos que le surg\u00edan sobre estas problem\u00e1ticas y es a trav\u00e9s de un trabajo de investigaci\u00f3n y desde la ficci\u00f3n que intenta plasmar las especulaciones que surgen de la realidad sobre distintas circunstancias naturales, tal como la serie \u201cS\u00edndromes de domesticaci\u00f3n\u201d, que desarrolla actualmente.<\/p>\n<p>\u201cEl s\u00edndrome de domesticaci\u00f3n es un fen\u00f3meno que se da cuando las personas someten, en este caso, a los recursos naturales, tal como sucedi\u00f3 con el ma\u00edz, que antes era una espiga muy peque\u00f1a y ahora es un monstruo, lo que origina el \u201cs\u00edndrome del gigantismo\u201d, que implica la p\u00e9rdida de plantas, de recursos gen\u00e9ticos\u201d, explic\u00f3.<\/p>\n<p>Zarur Guti\u00e9rrez resalt\u00f3 que cuenta con el apoyo del Fondo Nacional para la Cultura y las Artes (FONCA), que le ha permitido seguir desarrollando su trabajo; adem\u00e1s, ha participado en importantes espacios dentro del Estado de M\u00e9xico como la residencia de arte Cobertizo, as\u00ed como a nivel nacional en la Galer\u00eda Proyectos Monclova y Casa Wabi, destacando de su reciente participaci\u00f3n en la feria de arte m\u00e1s grande de Latinoam\u00e9rica, Zona Maco.<\/p>\n<p>En este sentido, coment\u00f3 que dentro de la UAEM\u00e9x, su obra ha sido expuesta en la Galer\u00eda Universitaria \u201cFernando Cano\u201d, siendo una de las personas m\u00e1s j\u00f3venes en exhibir su pintura en este recinto cultural, donde tambi\u00e9n resalt\u00f3 la gran importancia que ha tenido esta instituci\u00f3n durante su formaci\u00f3n y carrera como pintor profesional.<\/p>\n<p>\u201cLa UAEM\u00e9x me ha permitido encontrarme con personas muy importantes a lo largo de mi trayectoria, amistades con quienes he trabajado y que me han llevado a nuevas y grandes oportunidades; creo que todo se lo debo a la formaci\u00f3n de las y los excelentes profesores, quienes me permitieron generar un pensamiento cr\u00edtico alrededor del arte, lo que me permite no solo una expresi\u00f3n vac\u00eda, sino contar con un soporte de contenido en mi trabajo\u201d, subray\u00f3.<\/p>\n<p>Finalmente, el universitario invit\u00f3 a conocer su obra por medio de diferentes publicaciones en internet, como la p\u00e1gina de Proyectos Monclova o en sus redes sociales; adem\u00e1s, aconsej\u00f3 a las personas interesadas en el arte a buscar m\u00e1s all\u00e1 de los ambientes locales, pues ciudades como Guadalajara, Ciudad de M\u00e9xico y Monterrey poseen algunas actividades relevantes que pueden nutrir la perspectiva art\u00edstica, motiv\u00e1ndoles a buscar y contribuir al arte desde una mirada diferente.<\/p>\n","protected":false},"excerpt":{"rendered":"<p>Con el fin de reflejar diferentes contextos y problem\u00e1ticas clim\u00e1ticas, sociales y pol\u00edticas que viven los espacios rurales y perif\u00e9ricos, Fernando Zarur Guti\u00e9rrez, egresado de la Facultad de Artes de la Universidad Aut\u00f3noma del Estado de M\u00e9xico (UAEM\u00e9x), utiliza la pintura como principal medio de expresi\u00f3n para plasmar a la naturaleza desde diferentes perspectivas cr\u00edticas.<\/p>\n","protected":false},"author":3,"featured_media":628623,"comment_status":"open","ping_status":"open","sticky":false,"template":"","format":"standard","meta":{"_monsterinsights_skip_tracking":false,"_monsterinsights_sitenote_active":false,"_monsterinsights_sitenote_note":"","_monsterinsights_sitenote_category":0,"footnotes":""},"categories":[5],"tags":[100506,100505,67878],"class_list":["post-628541","post","type-post","status-publish","format-standard","has-post-thumbnail","hentry","category-estado-de-mexico","tag-fernando-zarur-gutierrez","tag-pintura","tag-uaemex"],"_links":{"self":[{"href":"https:\/\/www.diarioimagen.net\/index.php?rest_route=\/wp\/v2\/posts\/628541","targetHints":{"allow":["GET"]}}],"collection":[{"href":"https:\/\/www.diarioimagen.net\/index.php?rest_route=\/wp\/v2\/posts"}],"about":[{"href":"https:\/\/www.diarioimagen.net\/index.php?rest_route=\/wp\/v2\/types\/post"}],"author":[{"embeddable":true,"href":"https:\/\/www.diarioimagen.net\/index.php?rest_route=\/wp\/v2\/users\/3"}],"replies":[{"embeddable":true,"href":"https:\/\/www.diarioimagen.net\/index.php?rest_route=%2Fwp%2Fv2%2Fcomments&post=628541"}],"version-history":[{"count":0,"href":"https:\/\/www.diarioimagen.net\/index.php?rest_route=\/wp\/v2\/posts\/628541\/revisions"}],"wp:featuredmedia":[{"embeddable":true,"href":"https:\/\/www.diarioimagen.net\/index.php?rest_route=\/wp\/v2\/media\/628623"}],"wp:attachment":[{"href":"https:\/\/www.diarioimagen.net\/index.php?rest_route=%2Fwp%2Fv2%2Fmedia&parent=628541"}],"wp:term":[{"taxonomy":"category","embeddable":true,"href":"https:\/\/www.diarioimagen.net\/index.php?rest_route=%2Fwp%2Fv2%2Fcategories&post=628541"},{"taxonomy":"post_tag","embeddable":true,"href":"https:\/\/www.diarioimagen.net\/index.php?rest_route=%2Fwp%2Fv2%2Ftags&post=628541"}],"curies":[{"name":"wp","href":"https:\/\/api.w.org\/{rel}","templated":true}]}}