{"id":628552,"date":"2024-08-05T00:03:29","date_gmt":"2024-08-05T06:03:29","guid":{"rendered":"https:\/\/www.diarioimagen.net\/?p=628552"},"modified":"2024-08-05T01:18:06","modified_gmt":"2024-08-05T07:18:06","slug":"refuerzan-el-sistema-municipal-de-emergencia-de-huixquilucan","status":"publish","type":"post","link":"https:\/\/www.diarioimagen.net\/?p=628552","title":{"rendered":"Refuerzan el Sistema Municipal de Emergencia de Huixquilucan"},"content":{"rendered":"<p>&nbsp;<\/p>\n<ul>\n<li><em><strong>Entrega de equipo<\/strong><\/em><\/li>\n<\/ul>\n<p>&nbsp;<\/p>\n<div id=\"attachment_628652\" style=\"width: 480px\" class=\"wp-caption aligncenter\"><a href=\"https:\/\/www.diarioimagen.net\/?attachment_id=628652\" rel=\"attachment wp-att-628652\"><img loading=\"lazy\" decoding=\"async\" aria-describedby=\"caption-attachment-628652\" class=\"wp-image-628652\" src=\"https:\/\/www.diarioimagen.net\/wp-content\/uploads\/2024\/08\/refuerzan-sistema-municipal.jpg\" alt=\"\" width=\"470\" height=\"276\" srcset=\"https:\/\/www.diarioimagen.net\/wp-content\/uploads\/2024\/08\/refuerzan-sistema-municipal.jpg 460w, https:\/\/www.diarioimagen.net\/wp-content\/uploads\/2024\/08\/refuerzan-sistema-municipal-240x141.jpg 240w\" sizes=\"auto, (max-width: 470px) 100vw, 470px\" \/><\/a><p id=\"caption-attachment-628652\" class=\"wp-caption-text\">Romina Contreras Carrasco, se\u00f1al\u00f3 que, con el prop\u00f3sito de actuar oportunamente en caso de alg\u00fan fen\u00f3meno natural o incidentes, se brindan herramientas necesarias a integrantes del Sistema Municipal de Emergencias.<\/p><\/div>\n<p>&nbsp;<\/p>\n<p><strong>Huixquilucan, Estado de M\u00e9xico.\u2014<\/strong> Con el prop\u00f3sito de sumar esfuerzos en las labores que realiza el Sistema Municipal de Emergencias 24\/7, el gobierno de esta localidad, entreg\u00f3 herramientas a integrantes de la Direcci\u00f3n de Gobierno para hacer m\u00e1s eficiente la atenci\u00f3n de posibles deslaves o incendios menores que se registran en el territorio y, as\u00ed, salvaguardar y garantizar el bienestar de la poblaci\u00f3n.<\/p>\n<p>Luego de que el personal recibi\u00f3 dicho equipamiento, la presidenta municipal, Romina Contreras Carrasco, se\u00f1al\u00f3 que, con el prop\u00f3sito de actuar oportunamente en caso de alg\u00fan fen\u00f3meno natural o incidentes, se brindan herramientas necesarias a los servidores p\u00fablicos que d\u00eda a d\u00eda procuran el bienestar de la poblaci\u00f3n, para afrontar y atender dichas contingencias.<\/p>\n<p>\u201cDesde el inicio de mi administraci\u00f3n, mi prioridad es mantener a las familias seguras y en un ambiente tranquilo, por lo que, adem\u00e1s de que elementos de Protecci\u00f3n Civil, Unidad de Rescate, Bomberos y de Seguridad P\u00fablica cuentan con el equipo y capacitaci\u00f3n necesaria, tambi\u00e9n se requiere que el personal de Gobierno tenga los instrumentos esenciales para apoyar a la ciudadan\u00eda, en caso de alg\u00fan incidente, lo que nos ayuda a reducir el tiempo de respuesta en este tipo de eventos\u201d, se\u00f1al\u00f3 Romina Contreras.<\/p>\n<p>Para reforzar las labores que lleva a cabo el Sistema Municipal de Emergencias 24\/7, que tienen la funci\u00f3n de cuidar y proteger a las familias de todo el territorio, a trav\u00e9s de una respuesta r\u00e1pida, eficiente y efectiva, personal de la Direcci\u00f3n de Gobierno de Huixquilucan recibi\u00f3 palas para remover escombros, cavar o trasladar material, as\u00ed como mochilas para combatir incendios, fabricadas en PVC amarillo y con componentes de alta calidad en acero inoxidable.<\/p>\n<p>En este sentido, Romina Contreras, destac\u00f3 que, de manera constante, se realiza la entrega de uniformes y equipamiento a cada \u00e1rea que conforma la actual administraci\u00f3n para que lleven a cabo sus labores de una mejor manera, para velar por la seguridad de los habitantes de Huixquilucan.<\/p>\n","protected":false},"excerpt":{"rendered":"<p>Con el prop\u00f3sito de sumar esfuerzos en las labores que realiza el Sistema Municipal de Emergencias 24\/7, el gobierno de esta localidad, entreg\u00f3 herramientas a integrantes de la Direcci\u00f3n de Gobierno para hacer m\u00e1s eficiente la atenci\u00f3n de posibles deslaves o incendios menores que se registran en el territorio y, as\u00ed, salvaguardar y garantizar el bienestar de la poblaci\u00f3n.<\/p>\n","protected":false},"author":3,"featured_media":628652,"comment_status":"open","ping_status":"open","sticky":false,"template":"","format":"standard","meta":{"_monsterinsights_skip_tracking":false,"_monsterinsights_sitenote_active":false,"_monsterinsights_sitenote_note":"","_monsterinsights_sitenote_category":0,"footnotes":""},"categories":[5],"tags":[43675,1097,63092,100507],"class_list":["post-628552","post","type-post","status-publish","format-standard","has-post-thumbnail","hentry","category-estado-de-mexico","tag-estado-de-mexico","tag-huixquilucan","tag-refuerzan","tag-sistema-municipal-de-emergencia"],"_links":{"self":[{"href":"https:\/\/www.diarioimagen.net\/index.php?rest_route=\/wp\/v2\/posts\/628552","targetHints":{"allow":["GET"]}}],"collection":[{"href":"https:\/\/www.diarioimagen.net\/index.php?rest_route=\/wp\/v2\/posts"}],"about":[{"href":"https:\/\/www.diarioimagen.net\/index.php?rest_route=\/wp\/v2\/types\/post"}],"author":[{"embeddable":true,"href":"https:\/\/www.diarioimagen.net\/index.php?rest_route=\/wp\/v2\/users\/3"}],"replies":[{"embeddable":true,"href":"https:\/\/www.diarioimagen.net\/index.php?rest_route=%2Fwp%2Fv2%2Fcomments&post=628552"}],"version-history":[{"count":0,"href":"https:\/\/www.diarioimagen.net\/index.php?rest_route=\/wp\/v2\/posts\/628552\/revisions"}],"wp:featuredmedia":[{"embeddable":true,"href":"https:\/\/www.diarioimagen.net\/index.php?rest_route=\/wp\/v2\/media\/628652"}],"wp:attachment":[{"href":"https:\/\/www.diarioimagen.net\/index.php?rest_route=%2Fwp%2Fv2%2Fmedia&parent=628552"}],"wp:term":[{"taxonomy":"category","embeddable":true,"href":"https:\/\/www.diarioimagen.net\/index.php?rest_route=%2Fwp%2Fv2%2Fcategories&post=628552"},{"taxonomy":"post_tag","embeddable":true,"href":"https:\/\/www.diarioimagen.net\/index.php?rest_route=%2Fwp%2Fv2%2Ftags&post=628552"}],"curies":[{"name":"wp","href":"https:\/\/api.w.org\/{rel}","templated":true}]}}