{"id":628554,"date":"2024-08-05T00:04:01","date_gmt":"2024-08-05T06:04:01","guid":{"rendered":"https:\/\/www.diarioimagen.net\/?p=628554"},"modified":"2024-08-05T01:18:57","modified_gmt":"2024-08-05T07:18:57","slug":"nicolas-romero-destaca-en-simplificacion-administrativa","status":"publish","type":"post","link":"https:\/\/www.diarioimagen.net\/?p=628554","title":{"rendered":"Nicol\u00e1s Romero destaca en simplificaci\u00f3n administrativa"},"content":{"rendered":"<p>&nbsp;<\/p>\n<ul>\n<li><strong><em>Alcalde Eduardo Gonz\u00e1lez Garc\u00eda<\/em><\/strong><\/li>\n<\/ul>\n<p>&nbsp;<\/p>\n<div id=\"attachment_628654\" style=\"width: 470px\" class=\"wp-caption aligncenter\"><a href=\"https:\/\/www.diarioimagen.net\/?attachment_id=628654\" rel=\"attachment wp-att-628654\"><img loading=\"lazy\" decoding=\"async\" aria-describedby=\"caption-attachment-628654\" class=\"size-full wp-image-628654\" src=\"https:\/\/www.diarioimagen.net\/wp-content\/uploads\/2024\/08\/nicolas-romero-destaca.jpg\" alt=\"\" width=\"460\" height=\"270\" srcset=\"https:\/\/www.diarioimagen.net\/wp-content\/uploads\/2024\/08\/nicolas-romero-destaca.jpg 460w, https:\/\/www.diarioimagen.net\/wp-content\/uploads\/2024\/08\/nicolas-romero-destaca-240x141.jpg 240w\" sizes=\"auto, (max-width: 460px) 100vw, 460px\" \/><\/a><p id=\"caption-attachment-628654\" class=\"wp-caption-text\">El alcalde por Ministerio de Ley, Eduardo Gonz\u00e1lez Garc\u00eda, destac\u00f3 el avance alcanzado en Nicol\u00e1s Romero en la simplificaci\u00f3n de tr\u00e1mites en beneficio de la poblaci\u00f3n.<\/p><\/div>\n<p>&nbsp;<\/p>\n<p><strong>Nicol\u00e1s Romero, Estado de M\u00e9xico.\u2014<\/strong> Este municipio se consolid\u00f3 como referente en materia de simplificaci\u00f3n administrativa y aplicaci\u00f3n de tecnolog\u00eda de punta, para facilitar a los ciudadanos la realizaci\u00f3n de tr\u00e1mites, ello durante el Tercer Foto Intermunicipal de Mejora Regulatoria.<\/p>\n<p>Y es que la actual administraci\u00f3n ha redoblado esfuerzos en esta materia, ya que a la fecha se cuenta con 18 tr\u00e1mites en la modalidad de gobierno digital, con el firme objetivo de llegar a 35 y que cada una de las \u00e1reas cuenten con al menos un procedimiento digitalizado, realizando mensualmente un promedio de 100 tr\u00e1mites digitales.<\/p>\n<p>Al dar la bienvenida a dicho evento (el primero se efectu\u00f3 en Tlalnepantla, el segundo en Cuautitl\u00e1n Izcalli), cuya sede es la Universidad Tecnol\u00f3gica \u201cFidel Vel\u00e1zquez\u201d, el alcalde por Ministerio de Ley, Eduardo Gonz\u00e1lez Garc\u00eda, destac\u00f3 el avance alcanzado en Nicol\u00e1s Romero en la simplificaci\u00f3n de tr\u00e1mites en beneficio de la poblaci\u00f3n, observando la demarcaci\u00f3n una tendencia de crecimiento en la materia.<\/p>\n<p>Al mismo tiempo, Gonz\u00e1lez Garc\u00eda expres\u00f3 su confianza en que este foro que se realiz\u00f3 con la participaci\u00f3n de panelistas que cuentan con amplio conocimiento en mejora regulatoria, se podr\u00e1n compartir experiencias exitosas y construir administraciones m\u00e1s transparentes, eficaces y eficientes.<\/p>\n<p>\u201cInvito a todos los asistentes a aprovechar al m\u00e1ximo y a participar activamente en este tercer foro, juntos hagamos mejores tr\u00e1mites, juntos hagamos mejores gobiernos\u201d, recalc\u00f3 el presidente municipal por Ministerio de Ley.<\/p>\n<p>Por su parte, el comisionado nacional de la Comisi\u00f3n Nacional de Mejora Regulatoria (Conamer), Alberto Montoya Mart\u00edn del Campo -quien se encarg\u00f3 de la inauguraci\u00f3n oficial-, resalt\u00f3 la trascendencia de este tipo de foros que en lo local son parte de la transformaci\u00f3n que registra el pa\u00eds.<\/p>\n<p>\u201cLo que nos ocupa es un esfuerzo transformador de las conciencias de todos nosotros como servidores p\u00fablicos y ese es el gran valor de esta reuni\u00f3n para compartir conocimientos, entusiasmo, a trav\u00e9s de un proyecto para que salgamos fortalecidos\u201d, precis\u00f3.<\/p>\n","protected":false},"excerpt":{"rendered":"<p>Este municipio se consolid\u00f3 como referente en materia de simplificaci\u00f3n administrativa y aplicaci\u00f3n de tecnolog\u00eda de punta, para facilitar a los ciudadanos la realizaci\u00f3n de tr\u00e1mites, ello durante el Tercer Foto Intermunicipal de Mejora Regulatoria.<\/p>\n","protected":false},"author":3,"featured_media":628654,"comment_status":"open","ping_status":"open","sticky":false,"template":"","format":"standard","meta":{"_monsterinsights_skip_tracking":false,"_monsterinsights_sitenote_active":false,"_monsterinsights_sitenote_note":"","_monsterinsights_sitenote_category":0,"footnotes":""},"categories":[5],"tags":[79143,43675,752,94344],"class_list":["post-628554","post","type-post","status-publish","format-standard","has-post-thumbnail","hentry","category-estado-de-mexico","tag-administrativa","tag-estado-de-mexico","tag-nicolas-romero","tag-simplificacion"],"_links":{"self":[{"href":"https:\/\/www.diarioimagen.net\/index.php?rest_route=\/wp\/v2\/posts\/628554","targetHints":{"allow":["GET"]}}],"collection":[{"href":"https:\/\/www.diarioimagen.net\/index.php?rest_route=\/wp\/v2\/posts"}],"about":[{"href":"https:\/\/www.diarioimagen.net\/index.php?rest_route=\/wp\/v2\/types\/post"}],"author":[{"embeddable":true,"href":"https:\/\/www.diarioimagen.net\/index.php?rest_route=\/wp\/v2\/users\/3"}],"replies":[{"embeddable":true,"href":"https:\/\/www.diarioimagen.net\/index.php?rest_route=%2Fwp%2Fv2%2Fcomments&post=628554"}],"version-history":[{"count":0,"href":"https:\/\/www.diarioimagen.net\/index.php?rest_route=\/wp\/v2\/posts\/628554\/revisions"}],"wp:featuredmedia":[{"embeddable":true,"href":"https:\/\/www.diarioimagen.net\/index.php?rest_route=\/wp\/v2\/media\/628654"}],"wp:attachment":[{"href":"https:\/\/www.diarioimagen.net\/index.php?rest_route=%2Fwp%2Fv2%2Fmedia&parent=628554"}],"wp:term":[{"taxonomy":"category","embeddable":true,"href":"https:\/\/www.diarioimagen.net\/index.php?rest_route=%2Fwp%2Fv2%2Fcategories&post=628554"},{"taxonomy":"post_tag","embeddable":true,"href":"https:\/\/www.diarioimagen.net\/index.php?rest_route=%2Fwp%2Fv2%2Ftags&post=628554"}],"curies":[{"name":"wp","href":"https:\/\/api.w.org\/{rel}","templated":true}]}}