{"id":628701,"date":"2024-08-06T00:02:42","date_gmt":"2024-08-06T06:02:42","guid":{"rendered":"https:\/\/www.diarioimagen.net\/?p=628701"},"modified":"2024-08-06T01:17:08","modified_gmt":"2024-08-06T07:17:08","slug":"se-fortalece-el-sector-privado-en-esta-gestion-estatal-dice-enrique-aparicio","status":"publish","type":"post","link":"https:\/\/www.diarioimagen.net\/?p=628701","title":{"rendered":"Se fortalece el sector privado en esta gesti\u00f3n estatal, dice Enrique Aparicio"},"content":{"rendered":"<p>&nbsp;<\/p>\n<ul>\n<li><em><strong>Di\u00e1logo en pro de la productividad<\/strong><\/em><\/li>\n<\/ul>\n<p>&nbsp;<\/p>\n<div id=\"attachment_628798\" style=\"width: 470px\" class=\"wp-caption aligncenter\"><a href=\"https:\/\/www.diarioimagen.net\/?attachment_id=628798\" rel=\"attachment wp-att-628798\"><img loading=\"lazy\" decoding=\"async\" aria-describedby=\"caption-attachment-628798\" class=\"size-full wp-image-628798\" src=\"https:\/\/www.diarioimagen.net\/wp-content\/uploads\/2024\/08\/se-fortalece-sector-privado.jpg\" alt=\"\" width=\"460\" height=\"270\" srcset=\"https:\/\/www.diarioimagen.net\/wp-content\/uploads\/2024\/08\/se-fortalece-sector-privado.jpg 460w, https:\/\/www.diarioimagen.net\/wp-content\/uploads\/2024\/08\/se-fortalece-sector-privado-240x141.jpg 240w\" sizes=\"auto, (max-width: 460px) 100vw, 460px\" \/><\/a><p id=\"caption-attachment-628798\" class=\"wp-caption-text\">Enrique Aparicio L\u00f3pez, presidente del Consejo de Coordinaci\u00f3n Empresarial e Industrial Nacional A.C., destac\u00f3 el di\u00e1logo constructivo con el gobierno estatal.<\/p><\/div>\n<p>&nbsp;<\/p>\n<p><strong>Tlalnepantla, Estado de M\u00e9xico.\u2014<\/strong> Enrique Aparicio L\u00f3pez, presidente del Consejo de Coordinaci\u00f3n Empresarial e Industrial Nacional A.C. (Cocemin), destac\u00f3 que por medio del di\u00e1logo es como se pueden alcanzar los mejores resultados en pro de la productividad y generar fuentes de empleo para la poblaci\u00f3n mexiquense.<\/p>\n<p>As\u00ed lo manifest\u00f3 el l\u00edder empresarial al sostener un encuentro con Horacio Duarte Olivares, secretario general del gobierno del Estado de M\u00e9xico, ante quien expres\u00f3 su plena convicci\u00f3n de que a trav\u00e9s de un entendimiento \u00f3ptimo con las autoridades que encabeza la gobernadora, Delfina G\u00f3mez \u00c1lvarez, se fortalecer\u00e1 el sector privado.<\/p>\n<p>Aparicio L\u00f3pez asegur\u00f3 que la actual administraci\u00f3n estatal ha demostrado tener apertura hacia las mujeres y hombres de negocios, escuchando sus planteamientos, al igual que sus necesidades.<\/p>\n<p>Indic\u00f3 que la reuni\u00f3n que tuvo con Horacio Duarte, confirma que la gobernadora Delfina G\u00f3mez tiene como una parte importante de su agenda, brindar \u00f3ptima atenci\u00f3n, digna y respetuosa a los empresarios e industriales, del Estado de M\u00e9xico, reconoci\u00e9ndolos como aliados fundamentales para el bienestar del Estado de M\u00e9xico y sus habitantes.<\/p>\n<p>En ese sentido, diversos sectores de la sociedad, sobre todo del Valle de M\u00e9xico, aplaudieron y reconocieron la excelente labor que ha desarrollado la gobernadora Delfina G\u00f3mez en favor de las familias que viven en el Estado de M\u00e9xico.<\/p>\n","protected":false},"excerpt":{"rendered":"<p>Enrique Aparicio L\u00f3pez, presidente del Consejo de Coordinaci\u00f3n Empresarial e Industrial Nacional A.C. (Cocemin), destac\u00f3 que por medio del di\u00e1logo es como se pueden alcanzar los mejores resultados en pro de la productividad y generar fuentes de empleo para la poblaci\u00f3n mexiquense.<\/p>\n","protected":false},"author":3,"featured_media":628798,"comment_status":"open","ping_status":"open","sticky":false,"template":"","format":"standard","meta":{"_monsterinsights_skip_tracking":false,"_monsterinsights_sitenote_active":false,"_monsterinsights_sitenote_note":"","_monsterinsights_sitenote_category":0,"footnotes":""},"categories":[5],"tags":[100518,100519,43675,169],"class_list":["post-628701","post","type-post","status-publish","format-standard","has-post-thumbnail","hentry","category-estado-de-mexico","tag-cocemin","tag-enrique-aparicio-lopez","tag-estado-de-mexico","tag-tlalnepantla"],"_links":{"self":[{"href":"https:\/\/www.diarioimagen.net\/index.php?rest_route=\/wp\/v2\/posts\/628701","targetHints":{"allow":["GET"]}}],"collection":[{"href":"https:\/\/www.diarioimagen.net\/index.php?rest_route=\/wp\/v2\/posts"}],"about":[{"href":"https:\/\/www.diarioimagen.net\/index.php?rest_route=\/wp\/v2\/types\/post"}],"author":[{"embeddable":true,"href":"https:\/\/www.diarioimagen.net\/index.php?rest_route=\/wp\/v2\/users\/3"}],"replies":[{"embeddable":true,"href":"https:\/\/www.diarioimagen.net\/index.php?rest_route=%2Fwp%2Fv2%2Fcomments&post=628701"}],"version-history":[{"count":0,"href":"https:\/\/www.diarioimagen.net\/index.php?rest_route=\/wp\/v2\/posts\/628701\/revisions"}],"wp:featuredmedia":[{"embeddable":true,"href":"https:\/\/www.diarioimagen.net\/index.php?rest_route=\/wp\/v2\/media\/628798"}],"wp:attachment":[{"href":"https:\/\/www.diarioimagen.net\/index.php?rest_route=%2Fwp%2Fv2%2Fmedia&parent=628701"}],"wp:term":[{"taxonomy":"category","embeddable":true,"href":"https:\/\/www.diarioimagen.net\/index.php?rest_route=%2Fwp%2Fv2%2Fcategories&post=628701"},{"taxonomy":"post_tag","embeddable":true,"href":"https:\/\/www.diarioimagen.net\/index.php?rest_route=%2Fwp%2Fv2%2Ftags&post=628701"}],"curies":[{"name":"wp","href":"https:\/\/api.w.org\/{rel}","templated":true}]}}