{"id":628840,"date":"2024-08-07T00:01:59","date_gmt":"2024-08-07T06:01:59","guid":{"rendered":"https:\/\/www.diarioimagen.net\/?p=628840"},"modified":"2024-08-11T21:22:40","modified_gmt":"2024-08-12T03:22:40","slug":"casos-confirmados-de-covid-suben-a-nivel-global-alerta-la-oms","status":"publish","type":"post","link":"https:\/\/www.diarioimagen.net\/?p=628840","title":{"rendered":"Casos confirmados de Covid\u00a0suben a nivel global,\u00a0alerta la OMS"},"content":{"rendered":"<p>&nbsp;<\/p>\n<h2 style=\"text-align: center;\">Registros de 84 pa\u00edses<\/h2>\n<p><em>\u00a0<\/em><\/p>\n<ul>\n<li><strong><em>La nueva variante KP.3 es 20% m\u00e1s contagiosa<\/em><\/strong><\/li>\n<\/ul>\n<p>&nbsp;<\/p>\n<div id=\"attachment_628934\" style=\"width: 470px\" class=\"wp-caption aligncenter\"><a href=\"https:\/\/www.diarioimagen.net\/?attachment_id=628934\" rel=\"attachment wp-att-628934\"><img loading=\"lazy\" decoding=\"async\" aria-describedby=\"caption-attachment-628934\" class=\"size-full wp-image-628934\" src=\"https:\/\/www.diarioimagen.net\/wp-content\/uploads\/2024\/08\/casos-confirmados-covid.jpg\" alt=\"\" width=\"460\" height=\"270\" srcset=\"https:\/\/www.diarioimagen.net\/wp-content\/uploads\/2024\/08\/casos-confirmados-covid.jpg 460w, https:\/\/www.diarioimagen.net\/wp-content\/uploads\/2024\/08\/casos-confirmados-covid-240x141.jpg 240w\" sizes=\"auto, (max-width: 460px) 100vw, 460px\" \/><\/a><p id=\"caption-attachment-628934\" class=\"wp-caption-text\">A nivel global las pruebas de diagn\u00f3stico que han arrojado positivo a Covid-19 han aumentado un 10% en las \u00faltimas semanas, alert\u00f3 la OMS.<\/p><\/div>\n<p>&nbsp;<\/p>\n<p>La Organizaci\u00f3n Mundial de la Salud (OMS) alert\u00f3 que el virus de la Covid-19 no se ha ido y los datos de 84 pa\u00edses muestran que en las \u00faltimas semanas los casos confirmados han aumentado.<\/p>\n<p>\u201cLa percepci\u00f3n es que la Covid se ha ido, pero no es as\u00ed. Cuanto m\u00e1s circula el virus, m\u00e1s aumentan las probabilidades de que cambie y se produzca una mutaci\u00f3n que lo haga m\u00e1s severo\u201d, declar\u00f3 en Ginebra la directora de Prevenci\u00f3n y Preparaci\u00f3n para Epidemias y Pandemias de la OMS, Maria Van Kerkhove.<\/p>\n<p>La experta, quien dirigi\u00f3 el equipo t\u00e9cnico de la OMS dedicado a la lucha contra la Covid-19 durante la pandemia, dijo que sus comentarios no est\u00e1n apoyados en temores, sino en escenarios basados en datos y ciencia.<\/p>\n<p>De una parte, estos datos indican que a nivel global las pruebas de diagn\u00f3stico que han arrojado positivo han aumentado un 10% recientemente, con variaciones regionales como la de Europa, donde se han disparado un 20% en pleno verano, lo que ha resultado en un incremento de las hospitalizaciones y muertes.<\/p>\n<p>No obstante, los resultados de los an\u00e1lisis de aguas residuales indican que la circulaci\u00f3n del virus de la Covid-19 podr\u00eda ser hasta 20 veces m\u00e1s alta de lo que se est\u00e1 reportando, coment\u00f3 Van Kerkhove.<\/p>\n<p style=\"text-align: center;\"><strong>Contagios de al menos 40 atletas en Par\u00eds 2024<\/strong><\/p>\n<p>A diferencia de otros virus causantes de infecciones respiratorias, cuya circulaci\u00f3n tiende a aumentar durante el invierno, la Covid-19 se propaga independientemente del clima y la temperatura, como lo muestran los casos detectados entre los deportistas que participan en los Juegos Ol\u00edmpicos de Par\u00eds.<\/p>\n<p>Van Kerkhove dijo que por esta raz\u00f3n la OMS no cesa en sus esfuerzos por convencer a los gobiernos de que sigan invirtiendo en medios para entender c\u00f3mo circula el virus y para proteger a sus poblaciones, \u201cy as\u00ed estar listos para aumentos dr\u00e1sticos de casos de Covid o de otros pat\u00f3genos emergentes o reemergentes, como la gripe aviar, el dengue o el mpox\u201d.<\/p>\n<p>Una de las medidas centrales de prevenci\u00f3n es que, sobre todo, los grupos de riesgo (mayores de 60 a\u00f1os, enfermos cr\u00f3nicos y personal sanitario) se vacunen si han pasado 12 meses desde su \u00faltima dosis.<\/p>\n<p style=\"text-align: center;\"><strong>La nueva variante KP.3, es m\u00e1s contagiosa<\/strong><\/p>\n<p>La nueva variante del virus, denominada KP.3, ha mostrado ser un 20% m\u00e1s contagiosa que su predecesora, la KP.2, y es la principal causante del incremento en los contagios, lo que ha alarmado nuevamente a las autoridades sanitarias mundiales. Seg\u00fan un informe de los Centros para el Control y la Prevenci\u00f3n de Enfermedades (CDC), tambi\u00e9n se ha detectado un considerable aumento de la presencia del virus en las aguas residuales de varias regiones de Estados Unidos, aunque a\u00fan no hay reportes de casos similares en M\u00e9xico.<\/p>\n<p>El virus KP.3 fue identificado por primera vez en Espa\u00f1a a finales de marzo en la ciudad de C\u00e1diz. Aunque la Organizaci\u00f3n Mundial de la Salud (OMS) a\u00fan no ha emitido un pronunciamiento oficial ni ha publicado una evaluaci\u00f3n sobre el riesgo que supone esta nueva cepa, algunos pa\u00edses, como Estados Unidos, ya han comenzado a imponer medidas para contener la propagaci\u00f3n.<\/p>\n<p>Seg\u00fan la Secretar\u00eda de Salud de M\u00e9xico, el n\u00famero de casos registrados hasta ahora est\u00e1 dentro de los par\u00e1metros esperados para esta temporada del a\u00f1o, pues hasta la semana epidemiol\u00f3gica (SE) 27 de 2024, se han reportado 8 mil 075 casos confirmados, lo que representa un 8.2 por ciento de positividad respecto al total de casos sospechosos, con corte al 6 de julio.<\/p>\n<p>Las entidades federativas con mayor n\u00famero de casos confirmados son la Ciudad de M\u00e9xico, Quer\u00e9taro, Estado de M\u00e9xico, Nuevo Le\u00f3n y Puebla.<\/p>\n<p>Dada la movilidad de la poblaci\u00f3n debido a la temporada vacacional y el incremento previsto de casos de Covid-19, la Secretar\u00eda de Salud insiste en la importancia de aplicar medidas de prevenci\u00f3n.<\/p>\n","protected":false},"excerpt":{"rendered":"<p>La Organizaci\u00f3n Mundial de la Salud (OMS) alert\u00f3 que el virus de la Covid-19 no se ha ido y los datos de 84 pa\u00edses muestran que en las \u00faltimas semanas los casos confirmados han aumentado.<\/p>\n","protected":false},"author":3,"featured_media":628934,"comment_status":"open","ping_status":"open","sticky":false,"template":"","format":"standard","meta":{"_monsterinsights_skip_tracking":false,"_monsterinsights_sitenote_active":false,"_monsterinsights_sitenote_note":"","_monsterinsights_sitenote_category":0,"footnotes":""},"categories":[17,877],"tags":[91906,4559,29516,43692],"class_list":["post-628840","post","type-post","status-publish","format-standard","has-post-thumbnail","hentry","category-especiales","category-salud","tag-covid","tag-oms","tag-pandemia","tag-salud"],"_links":{"self":[{"href":"https:\/\/www.diarioimagen.net\/index.php?rest_route=\/wp\/v2\/posts\/628840","targetHints":{"allow":["GET"]}}],"collection":[{"href":"https:\/\/www.diarioimagen.net\/index.php?rest_route=\/wp\/v2\/posts"}],"about":[{"href":"https:\/\/www.diarioimagen.net\/index.php?rest_route=\/wp\/v2\/types\/post"}],"author":[{"embeddable":true,"href":"https:\/\/www.diarioimagen.net\/index.php?rest_route=\/wp\/v2\/users\/3"}],"replies":[{"embeddable":true,"href":"https:\/\/www.diarioimagen.net\/index.php?rest_route=%2Fwp%2Fv2%2Fcomments&post=628840"}],"version-history":[{"count":0,"href":"https:\/\/www.diarioimagen.net\/index.php?rest_route=\/wp\/v2\/posts\/628840\/revisions"}],"wp:featuredmedia":[{"embeddable":true,"href":"https:\/\/www.diarioimagen.net\/index.php?rest_route=\/wp\/v2\/media\/628934"}],"wp:attachment":[{"href":"https:\/\/www.diarioimagen.net\/index.php?rest_route=%2Fwp%2Fv2%2Fmedia&parent=628840"}],"wp:term":[{"taxonomy":"category","embeddable":true,"href":"https:\/\/www.diarioimagen.net\/index.php?rest_route=%2Fwp%2Fv2%2Fcategories&post=628840"},{"taxonomy":"post_tag","embeddable":true,"href":"https:\/\/www.diarioimagen.net\/index.php?rest_route=%2Fwp%2Fv2%2Ftags&post=628840"}],"curies":[{"name":"wp","href":"https:\/\/api.w.org\/{rel}","templated":true}]}}