{"id":629001,"date":"2024-08-08T00:01:23","date_gmt":"2024-08-08T06:01:23","guid":{"rendered":"https:\/\/www.diarioimagen.net\/?p=629001"},"modified":"2024-08-08T23:35:17","modified_gmt":"2024-08-09T05:35:17","slug":"el-mexicano-marco-verde-alvarez-esperanza-de-oro-en-boxeo-olimpico","status":"publish","type":"post","link":"https:\/\/www.diarioimagen.net\/?p=629001","title":{"rendered":"El mexicano Marco Verde \u00c1lvarez, esperanza\u00a0de\u00a0oro en boxeo ol\u00edmpico"},"content":{"rendered":"<p>&nbsp;<\/p>\n<h2 style=\"text-align: center;\">Camino a la gloria<\/h2>\n<p><em>\u00a0<\/em><\/p>\n<ul>\n<li><strong><em>De ganar, nuestro pa\u00eds regresar\u00eda a lo m\u00e1s alto de un podio desde la justa de M\u00e9xico 68<\/em><\/strong><\/li>\n<li><strong><em>El mazatleco se medir\u00e1 este viernes, en la final, al uzbeko Asadkhuja Muydinkhujuae<\/em><\/strong><\/li>\n<\/ul>\n<p>&nbsp;<\/p>\n<div id=\"attachment_629095\" style=\"width: 470px\" class=\"wp-caption aligncenter\"><a href=\"https:\/\/www.diarioimagen.net\/?attachment_id=629095\" rel=\"attachment wp-att-629095\"><img loading=\"lazy\" decoding=\"async\" aria-describedby=\"caption-attachment-629095\" class=\"size-full wp-image-629095\" src=\"https:\/\/www.diarioimagen.net\/wp-content\/uploads\/2024\/08\/mexicano-marco-verde.jpg\" alt=\"\" width=\"460\" height=\"270\" srcset=\"https:\/\/www.diarioimagen.net\/wp-content\/uploads\/2024\/08\/mexicano-marco-verde.jpg 460w, https:\/\/www.diarioimagen.net\/wp-content\/uploads\/2024\/08\/mexicano-marco-verde-240x141.jpg 240w\" sizes=\"auto, (max-width: 460px) 100vw, 460px\" \/><\/a><p id=\"caption-attachment-629095\" class=\"wp-caption-text\">Ya con la presea de bronce asegurada, Marco Verde representa la esperanza de regresar a M\u00e9xico a lo m\u00e1s alto de un podio en boxeo ol\u00edmpico por primera vez desde 1968, al enfrentar este viernes al uzbeko Asadkhuja Muydinkhujuae.<\/p><\/div>\n<p>&nbsp;<\/p>\n<p>El deportista Marco Verde representa la esperanza de regresar a M\u00e9xico a lo m\u00e1s alto de un podio en boxeo ol\u00edmpico por primera vez desde 1968, que est\u00e1 a un paso de materializarse en la final de boxeo de Par\u00eds 2024.<\/p>\n<p>Ya con la presea de bronce asegurada, el mexicano derrot\u00f3 el martes al brit\u00e1nico Lewis Richardson en las semifinales de peso ligero luego de firmar una nueva remontada en su camino a la gloria.<\/p>\n<p>\u201cContento pero no satisfecho. Ganamos, pero ya qued\u00f3 en el pasado y hay que enfocarse en lo que viene\u201d, subray\u00f3 el boxeador de Mazatl\u00e1n.<\/p>\n<p>Al igual que en su combate de cuartos de final, en el que tuvo que remontar para subir al podio, Verde lleg\u00f3 al tercer asalto abajo 2-1 en las tarjetas a pesar de dominar el segundo asalto. A diferencia de su pelea anterior, esta vez emple\u00f3 m\u00e1s la cabeza y menos el coraz\u00f3n. Hab\u00eda demasiado en juego.<\/p>\n<p>\u201cEsta vez no tuvimos que salir a pelear a lo loco, a poner el coraz\u00f3n. Era una pelea m\u00e1s inteligente, eso lo sab\u00edamos y eso fue lo que hicimos\u201d, dijo a\u00fan bajo los efectos de la adrenalina. \u201dSiento que lo ganamos perfectamente, el tercer round. Llego a la esquina y digo \u2018ganamos, esta pelea la ganamos, no me la pueden quitar\u2019\u201d.<\/p>\n<p>La de Verde es la primera medalla para M\u00e9xico en el boxeo desde la obtenida por Misael Rodr\u00edguez en R\u00edo de Janeiro 2016. Ahora le cambiar\u00e1 el color este viernes cuando se mida al uzbeko Asadkhuja Muydinkhujuaev, quien minutos antes derrot\u00f3 3-2 al estadounidense Omari Jones.<\/p>\n<p>El mexicano nunca se ha enfrentado a su pr\u00f3ximo rival, estuvieron cerca de cruzar guantes en un torneo en Espa\u00f1a, pero el uzbeko tuvo que retirarse con la mira puesta en el clasificatorio, donde obtuvo su boleto a Par\u00eds. Ahora no hay vuelta atr\u00e1s y Verde sabe bien lo que le espera.<\/p>\n<p style=\"text-align: center;\"><strong>\u201cPelea de coraz\u00f3n\u201d<\/strong><\/p>\n<p>\u201cHemos sabido que los uzbekos son rivales muy dif\u00edciles, siempre se han visto en torneos mundiales y eso, pero tengo buena esquina, tengo buena preparaci\u00f3n\u201d, subray\u00f3. \u201cYa me ha tocado pelear con ellos, he perdido, no con \u00e9l, pero con otros rivales. Va a ser una pelea m\u00e1s que nada de coraz\u00f3n y complicada\u201d.<\/p>\n<p>Sobre el cuello de Verde est\u00e1 ya la 14ta presea en la historia del pugilismo mexicano en los Juegos Ol\u00edmpicos, la segunda disciplina que m\u00e1s medallas le ha dado a M\u00e9xico en la historia, s\u00f3lo superada por clavados (16).<\/p>\n<p>El sinaloense se convirti\u00f3 en el primer p\u00fagil mexicano en clasificarse a un combate por el oro desde que H\u00e9ctor L\u00f3pez Col\u00edn se colg\u00f3 la plata en peso gallo en Los \u00c1ngeles 1984.<\/p>\n<p>Ya es bastante tiempo, pero voy a calmarme, voy a dar todo y a disfrutar porque es el \u00faltimo combate y lo quiero disfrutar. Tal vez en su camino a la final, Verde tambi\u00e9n encontr\u00f3 una nueva t\u00e1ctica para combatir la ansiedad de subir al cuadril\u00e1tero.<\/p>\n<p>\u201cVen\u00eda durmiendo, porque la verdad estaba muy cansado\u201d, dijo riendo. \u201cVen\u00eda durmiendo porque hab\u00eda batallado para dormir y ah\u00ed me ech\u00e9 un sue\u00f1ito. Ni pens\u00e9 en nada\u201d.<\/p>\n<p>Lleg\u00f3, subi\u00f3 al ring, ejecut\u00f3 su plan de combate y anot\u00f3 su nombre en la historia del pugilismo mexicano.<\/p>\n<p>\u201cTal vez yo soy inspiraci\u00f3n, pero a veces tambi\u00e9n a mi me gusta inspirarme de m\u00e1s gente\u201d se\u00f1al\u00f3 Verde, cuyo padre, Manuel, tambi\u00e9n fue ol\u00edmpico del cuadril\u00e1tero en Barcelona 1992. \u201cCada quien tiene sus propias batallas en el d\u00eda a d\u00eda y yo me estoy inspirando en esa gente\u201d.<\/p>\n<p>&nbsp;<\/p>\n<blockquote><p><strong>Ya con la presea de bronce asegurada, Marco Verde representa la esperanza de regresar a M\u00e9xico a lo m\u00e1s alto de un podio en boxeo ol\u00edmpico por primera vez desde 1968, al enfrentar este viernes al uzbeko Asadkhuja Muydinkhujuae<\/strong><\/p><\/blockquote>\n","protected":false},"excerpt":{"rendered":"<p>El deportista Marco Verde representa la esperanza de regresar a M\u00e9xico a lo m\u00e1s alto de un podio en boxeo ol\u00edmpico por primera vez desde 1968, que est\u00e1 a un paso de materializarse en la final de boxeo de Par\u00eds 2024.<\/p>\n","protected":false},"author":3,"featured_media":629095,"comment_status":"open","ping_status":"open","sticky":false,"template":"","format":"standard","meta":{"_monsterinsights_skip_tracking":false,"_monsterinsights_sitenote_active":false,"_monsterinsights_sitenote_note":"","_monsterinsights_sitenote_category":0,"footnotes":""},"categories":[17,10],"tags":[100545,43680,100544,100487],"class_list":["post-629001","post","type-post","status-publish","format-standard","has-post-thumbnail","hentry","category-especiales","category-deportes","tag-boxeo-olimipico","tag-deportes","tag-marco-verde-alvarez","tag-paris-2024"],"_links":{"self":[{"href":"https:\/\/www.diarioimagen.net\/index.php?rest_route=\/wp\/v2\/posts\/629001","targetHints":{"allow":["GET"]}}],"collection":[{"href":"https:\/\/www.diarioimagen.net\/index.php?rest_route=\/wp\/v2\/posts"}],"about":[{"href":"https:\/\/www.diarioimagen.net\/index.php?rest_route=\/wp\/v2\/types\/post"}],"author":[{"embeddable":true,"href":"https:\/\/www.diarioimagen.net\/index.php?rest_route=\/wp\/v2\/users\/3"}],"replies":[{"embeddable":true,"href":"https:\/\/www.diarioimagen.net\/index.php?rest_route=%2Fwp%2Fv2%2Fcomments&post=629001"}],"version-history":[{"count":0,"href":"https:\/\/www.diarioimagen.net\/index.php?rest_route=\/wp\/v2\/posts\/629001\/revisions"}],"wp:featuredmedia":[{"embeddable":true,"href":"https:\/\/www.diarioimagen.net\/index.php?rest_route=\/wp\/v2\/media\/629095"}],"wp:attachment":[{"href":"https:\/\/www.diarioimagen.net\/index.php?rest_route=%2Fwp%2Fv2%2Fmedia&parent=629001"}],"wp:term":[{"taxonomy":"category","embeddable":true,"href":"https:\/\/www.diarioimagen.net\/index.php?rest_route=%2Fwp%2Fv2%2Fcategories&post=629001"},{"taxonomy":"post_tag","embeddable":true,"href":"https:\/\/www.diarioimagen.net\/index.php?rest_route=%2Fwp%2Fv2%2Ftags&post=629001"}],"curies":[{"name":"wp","href":"https:\/\/api.w.org\/{rel}","templated":true}]}}