{"id":629005,"date":"2024-08-08T00:08:44","date_gmt":"2024-08-08T06:08:44","guid":{"rendered":"https:\/\/www.diarioimagen.net\/?p=629005"},"modified":"2024-08-09T01:33:24","modified_gmt":"2024-08-09T07:33:24","slug":"cuarta-temporada-de-teatro-uaemex-cuenta-con-cinco-puestas-en-escena","status":"publish","type":"post","link":"https:\/\/www.diarioimagen.net\/?p=629005","title":{"rendered":"Cuarta Temporada de Teatro UAEM\u00e9x cuenta con cinco puestas en escena"},"content":{"rendered":"<p>&nbsp;<\/p>\n<div id=\"attachment_629093\" style=\"width: 470px\" class=\"wp-caption aligncenter\"><a href=\"https:\/\/www.diarioimagen.net\/?attachment_id=629093\" rel=\"attachment wp-att-629093\"><img loading=\"lazy\" decoding=\"async\" aria-describedby=\"caption-attachment-629093\" class=\"size-full wp-image-629093\" src=\"https:\/\/www.diarioimagen.net\/wp-content\/uploads\/2024\/08\/uaem-cuarta-temporada.jpg\" alt=\"\" width=\"460\" height=\"270\" srcset=\"https:\/\/www.diarioimagen.net\/wp-content\/uploads\/2024\/08\/uaem-cuarta-temporada.jpg 460w, https:\/\/www.diarioimagen.net\/wp-content\/uploads\/2024\/08\/uaem-cuarta-temporada-240x141.jpg 240w\" sizes=\"auto, (max-width: 460px) 100vw, 460px\" \/><\/a><p id=\"caption-attachment-629093\" class=\"wp-caption-text\">Esta temporada se presenta en el Teatro Universitario \u201cLos Jaguares\u201d de la UAEM\u00e9x.<\/p><\/div>\n<p>&nbsp;<\/p>\n<p><strong>Toluca, Estado de M\u00e9xico.<\/strong>\u2014 Con la presentaci\u00f3n de cinco puestas en escena, el Teatro Universitario \u201cLos Jaguares\u201d de la Universidad Aut\u00f3noma del Estado de M\u00e9xico (UAEM\u00e9x) es sede de la Cuarta Temporada de Teatro Universitario 2024, la cual est\u00e1 vigente hasta septiembre del presente a\u00f1o.<\/p>\n<p>El director de la Compa\u00f1\u00eda Universitaria de Teatro (CUT), Juan Carlos Embriz Gonzaga, explic\u00f3 que como parte de esta temporada, presentar\u00e1 la obra \u201cZaroz. Una historia I.A\u201d, que est\u00e1 disponible hasta el 01 de septiembre, de jueves a s\u00e1bado, a las 17:00 horas, y domingos, a las 16:00 horas, la cual est\u00e1 dirigida a adolescentes y adultos y contar\u00e1 con un precio especial para toda la comunidad universitaria.<\/p>\n<p>\u201cLoca\u201d, con direcci\u00f3n de Mariana \u00c1lvarez, aborda la violencia que sufren las mujeres en los tiempos actuales y las situaciones que viven en manos de personas cercanas. Est\u00e1 dirigida a adolescentes y adultos y sus puestas en escena ser\u00e1n hasta el 01 de septiembre, de jueves a s\u00e1bado, a las 19:00 horas y los domingos a las 18:00 horas.<\/p>\n<p>Asimismo, la obra dirigida por Blanca Luna, \u201cYerma\u201d, rescata los problemas hist\u00f3ricos y actuales que impiden una vida plena y digna para las mujeres. Con una narrativa para adolescentes y adultos, estar\u00e1 disponible hasta el 27 de agosto, los d\u00edas lunes y martes a las 19:00 horas.<\/p>\n<p>Bajo la direcci\u00f3n de Israel R\u00edos, \u201cLo que queda de nosotros\u201d narra la historia de una ni\u00f1a y su perro que, desafortunadamente, se separan; en ese camino para reencontrarse, reflejan la importancia de los v\u00ednculos afectivos y las situaciones emocionales que conllevan. Esta obra est\u00e1 dirigida para todo p\u00fablico y tendr\u00e1 puestas en escena los fines de semana hasta el 01 de septiembre, a las 13:00 horas. En esta temporada, se presentar\u00e1 la obra \u201cNi\u00f1os chocolate\u201d con direcci\u00f3n de Israel R\u00edos, que retrata la vida de tres ni\u00f1os que son capturados para trabajar en los cultivos de cacao para grandes empresas, por lo cual, retoma la tem\u00e1tica de explotaci\u00f3n infantil y los desaf\u00edos que enfrentan en estos lugares. Contar\u00e1 con puestas en escena hasta el 27 de agosto, los d\u00edas lunes y martes, a las 17:00 horas, dirigido al p\u00fablico en general.<\/p>\n<p>Por su parte, los programas permanentes \u201cTeatro Panal\u201d, en la Plaza \u201cAdriana Barraza\u201d, y \u201cArte y Cultura Viva\u201d, en el Teatro Isabelino \u201cAntonio H. Zimbr\u00f3n\u201d del Centro Cultural Universitario \u201cCasa de las Diligencias\u201d, continuar\u00e1n con sus actividades culturales de manera gratuita los s\u00e1bados, a las 11:00 y 12:00 horas, y domingos, a las 15:00 y 16:00 horas, respectivamente.<\/p>\n","protected":false},"excerpt":{"rendered":"<p>Con la presentaci\u00f3n de cinco puestas en escena, el Teatro Universitario \u201cLos Jaguares\u201d de la Universidad Aut\u00f3noma del Estado de M\u00e9xico (UAEM\u00e9x) es sede de la Cuarta Temporada de Teatro Universitario 2024, la cual est\u00e1 vigente hasta septiembre del presente a\u00f1o.<\/p>\n","protected":false},"author":3,"featured_media":629093,"comment_status":"open","ping_status":"open","sticky":false,"template":"","format":"standard","meta":{"_monsterinsights_skip_tracking":false,"_monsterinsights_sitenote_active":false,"_monsterinsights_sitenote_note":"","_monsterinsights_sitenote_category":0,"footnotes":""},"categories":[5],"tags":[100547,666,67878],"class_list":["post-629005","post","type-post","status-publish","format-standard","has-post-thumbnail","hentry","category-estado-de-mexico","tag-escenaz","tag-teatro","tag-uaemex"],"_links":{"self":[{"href":"https:\/\/www.diarioimagen.net\/index.php?rest_route=\/wp\/v2\/posts\/629005","targetHints":{"allow":["GET"]}}],"collection":[{"href":"https:\/\/www.diarioimagen.net\/index.php?rest_route=\/wp\/v2\/posts"}],"about":[{"href":"https:\/\/www.diarioimagen.net\/index.php?rest_route=\/wp\/v2\/types\/post"}],"author":[{"embeddable":true,"href":"https:\/\/www.diarioimagen.net\/index.php?rest_route=\/wp\/v2\/users\/3"}],"replies":[{"embeddable":true,"href":"https:\/\/www.diarioimagen.net\/index.php?rest_route=%2Fwp%2Fv2%2Fcomments&post=629005"}],"version-history":[{"count":0,"href":"https:\/\/www.diarioimagen.net\/index.php?rest_route=\/wp\/v2\/posts\/629005\/revisions"}],"wp:featuredmedia":[{"embeddable":true,"href":"https:\/\/www.diarioimagen.net\/index.php?rest_route=\/wp\/v2\/media\/629093"}],"wp:attachment":[{"href":"https:\/\/www.diarioimagen.net\/index.php?rest_route=%2Fwp%2Fv2%2Fmedia&parent=629005"}],"wp:term":[{"taxonomy":"category","embeddable":true,"href":"https:\/\/www.diarioimagen.net\/index.php?rest_route=%2Fwp%2Fv2%2Fcategories&post=629005"},{"taxonomy":"post_tag","embeddable":true,"href":"https:\/\/www.diarioimagen.net\/index.php?rest_route=%2Fwp%2Fv2%2Ftags&post=629005"}],"curies":[{"name":"wp","href":"https:\/\/api.w.org\/{rel}","templated":true}]}}