{"id":629017,"date":"2024-08-08T00:03:52","date_gmt":"2024-08-08T06:03:52","guid":{"rendered":"https:\/\/www.diarioimagen.net\/?p=629017"},"modified":"2024-08-08T00:58:38","modified_gmt":"2024-08-08T06:58:38","slug":"fuera-mano-negra-en-prd-y-mc-durante-procesos-internos-militantes","status":"publish","type":"post","link":"https:\/\/www.diarioimagen.net\/?p=629017","title":{"rendered":"Fuera \u201cmano negra\u201d en PRD y MC durante procesos internos: militantes"},"content":{"rendered":"<p>&nbsp;<\/p>\n<ul>\n<li><em><strong>Exigen transparencia<\/strong><\/em><\/li>\n<\/ul>\n<p><strong>\u00a0<\/strong><\/p>\n<h6>Arturo Baena<\/h6>\n<p>&nbsp;<\/p>\n<div id=\"attachment_629140\" style=\"width: 470px\" class=\"wp-caption aligncenter\"><a href=\"https:\/\/www.diarioimagen.net\/?attachment_id=629140\" rel=\"attachment wp-att-629140\"><img loading=\"lazy\" decoding=\"async\" aria-describedby=\"caption-attachment-629140\" class=\"size-full wp-image-629140\" src=\"https:\/\/www.diarioimagen.net\/wp-content\/uploads\/2024\/08\/fuera-mano-negra.jpg\" alt=\"\" width=\"460\" height=\"270\" srcset=\"https:\/\/www.diarioimagen.net\/wp-content\/uploads\/2024\/08\/fuera-mano-negra.jpg 460w, https:\/\/www.diarioimagen.net\/wp-content\/uploads\/2024\/08\/fuera-mano-negra-240x141.jpg 240w\" sizes=\"auto, (max-width: 460px) 100vw, 460px\" \/><\/a><p id=\"caption-attachment-629140\" class=\"wp-caption-text\">Militantes de PRD y MC, en el Estado de M\u00e9xico, exigen \u201ctransparencia y democracia\u201d a la hora de elegir a sus representantes y evitar \u201cmano negra\u201d.<\/p><\/div>\n<p>&nbsp;<\/p>\n<p><strong>Valle de M\u00e9xico.\u2014<\/strong> En pr\u00f3ximos d\u00edas, los partidos pol\u00edticos del PRD y MC, en el Estado de M\u00e9xico, renovar\u00e1n sus dirigencias estatales, por lo que sus militantes y simpatizantes (por separado) exigieron \u201ctransparencia y democracia\u201d a la hora de elegir a sus representantes y evitar imposiciones, es decir \u201cmano negra\u201d.<\/p>\n<p>Y es que, por ejemplo, en el sol azteca se est\u00e1n mencionando los nombres de Claudia Reyes, Tom\u00e1s Octaviano, Arturo Pi\u00f1a y el de Viridiana Fuentes, esta \u00faltima con muchas posibilidades, pues cuenta con el respaldo de varios liderazgos en el Estado de M\u00e9xico.\u00a0 Mientras tanto, por Movimiento Ciudadano (MC), se menciona a Juana Bonilla y a quienes los militantes aseguran que \u201cJuan Zepeda intenta imponer\u201d, adem\u00e1s de Rodrigo Samperio, Jacobo Cheja y finalmente, Dennisse Hauffen.\u00a0 \u201cJuan Zepeda, est\u00e1 ocasionando que MC, se vea como un partido antidemocr\u00e1tico, pues cierra la posibilidad a otros cuadros. Exigimos qu\u00e9 saque las manos del proceso interno\u201d, dijeron.<\/p>\n<p>Los emecistas, de varios municipios mexiquenses, afirman que \u201cno permitiremos mano negra de Zepeda ni de nadie en este proceso y de imponer a Juana Bonilla, ocasionar\u00e1 una desbandada. Le recordamos que MC no es el PRI\u201d, reiteraron.<\/p>\n<p>Finalmente, los militantes y simpatizantes del PRD y MC en el Estado de M\u00e9xico, coinciden en que debe respetarse la voluntad de sus miembros a la hora de la renovaci\u00f3n de sus dirigencias.<\/p>\n","protected":false},"excerpt":{"rendered":"<p>En pr\u00f3ximos d\u00edas, los partidos pol\u00edticos del PRD y MC, en el Estado de M\u00e9xico, renovar\u00e1n sus dirigencias estatales, por lo que sus militantes y simpatizantes (por separado) exigieron \u201ctransparencia y democracia\u201d a la hora de elegir a sus representantes y evitar imposiciones, es decir \u201cmano negra\u201d.<\/p>\n","protected":false},"author":3,"featured_media":629140,"comment_status":"open","ping_status":"open","sticky":false,"template":"","format":"standard","meta":{"_monsterinsights_skip_tracking":false,"_monsterinsights_sitenote_active":false,"_monsterinsights_sitenote_note":"","_monsterinsights_sitenote_category":0,"footnotes":""},"categories":[5],"tags":[21564,211,86555],"class_list":["post-629017","post","type-post","status-publish","format-standard","has-post-thumbnail","hentry","category-estado-de-mexico","tag-mc","tag-prd","tag-mano-negra"],"_links":{"self":[{"href":"https:\/\/www.diarioimagen.net\/index.php?rest_route=\/wp\/v2\/posts\/629017","targetHints":{"allow":["GET"]}}],"collection":[{"href":"https:\/\/www.diarioimagen.net\/index.php?rest_route=\/wp\/v2\/posts"}],"about":[{"href":"https:\/\/www.diarioimagen.net\/index.php?rest_route=\/wp\/v2\/types\/post"}],"author":[{"embeddable":true,"href":"https:\/\/www.diarioimagen.net\/index.php?rest_route=\/wp\/v2\/users\/3"}],"replies":[{"embeddable":true,"href":"https:\/\/www.diarioimagen.net\/index.php?rest_route=%2Fwp%2Fv2%2Fcomments&post=629017"}],"version-history":[{"count":0,"href":"https:\/\/www.diarioimagen.net\/index.php?rest_route=\/wp\/v2\/posts\/629017\/revisions"}],"wp:featuredmedia":[{"embeddable":true,"href":"https:\/\/www.diarioimagen.net\/index.php?rest_route=\/wp\/v2\/media\/629140"}],"wp:attachment":[{"href":"https:\/\/www.diarioimagen.net\/index.php?rest_route=%2Fwp%2Fv2%2Fmedia&parent=629017"}],"wp:term":[{"taxonomy":"category","embeddable":true,"href":"https:\/\/www.diarioimagen.net\/index.php?rest_route=%2Fwp%2Fv2%2Fcategories&post=629017"},{"taxonomy":"post_tag","embeddable":true,"href":"https:\/\/www.diarioimagen.net\/index.php?rest_route=%2Fwp%2Fv2%2Ftags&post=629017"}],"curies":[{"name":"wp","href":"https:\/\/api.w.org\/{rel}","templated":true}]}}