{"id":629019,"date":"2024-08-08T00:04:59","date_gmt":"2024-08-08T06:04:59","guid":{"rendered":"https:\/\/www.diarioimagen.net\/?p=629019"},"modified":"2024-08-08T00:59:04","modified_gmt":"2024-08-08T06:59:04","slug":"ofrecen-659-plazas-durante-la-sexta-caravana-del-empleo-en-naucalpan","status":"publish","type":"post","link":"https:\/\/www.diarioimagen.net\/?p=629019","title":{"rendered":"Ofrecen 659 plazas durante la Sexta Caravana del Empleo en Naucalpan"},"content":{"rendered":"<p>&nbsp;<\/p>\n<p><a href=\"https:\/\/www.diarioimagen.net\/?attachment_id=629142\" rel=\"attachment wp-att-629142\"><img loading=\"lazy\" decoding=\"async\" class=\"aligncenter size-full wp-image-629142\" src=\"https:\/\/www.diarioimagen.net\/wp-content\/uploads\/2024\/08\/ofrecen-659-plazas.jpg\" alt=\"\" width=\"460\" height=\"270\" srcset=\"https:\/\/www.diarioimagen.net\/wp-content\/uploads\/2024\/08\/ofrecen-659-plazas.jpg 460w, https:\/\/www.diarioimagen.net\/wp-content\/uploads\/2024\/08\/ofrecen-659-plazas-240x141.jpg 240w\" sizes=\"auto, (max-width: 460px) 100vw, 460px\" \/><\/a><\/p>\n<p>&nbsp;<\/p>\n<p><strong>Nauclapan, Estado de M\u00e9xico.\u2014 <\/strong>Cientos de naucalpenses acudieron a la Sexta Caravana del Empleo, organizada por el gobierno municipal en el estacionamiento del mercado de San Bartolo, en la cual participaron 62 empresas que ofrecieron 162 vacantes con 659 plazas, con sueldos netos que oscilaron de siete mil 500 pesos a 17 mil 350 pesos mensuales.<\/p>\n<p>Juan Bracho Ahumada, encargado de despacho de la Direcci\u00f3n General de Desarrollo y Fomento Econ\u00f3mico municipal, mencion\u00f3 que las ferias del empleo son una pol\u00edtica p\u00fablica impulsada por la alcaldesa Ang\u00e9lica Moya Mar\u00edn, para facilitar que los solicitantes encuentren trabajo bien pagado.<\/p>\n","protected":false},"excerpt":{"rendered":"<p>Cientos de naucalpenses acudieron a la Sexta Caravana del Empleo, organizada por el gobierno municipal en el estacionamiento del mercado de San Bartolo, en la cual participaron 62 empresas que ofrecieron 162 vacantes con 659 plazas, con sueldos netos que oscilaron de siete mil 500 pesos a 17 mil 350 pesos mensuales.<\/p>\n","protected":false},"author":3,"featured_media":629142,"comment_status":"open","ping_status":"open","sticky":false,"template":"","format":"standard","meta":{"_monsterinsights_skip_tracking":false,"_monsterinsights_sitenote_active":false,"_monsterinsights_sitenote_note":"","_monsterinsights_sitenote_category":0,"footnotes":""},"categories":[5],"tags":[100549,43675,100548],"class_list":["post-629019","post","type-post","status-publish","format-standard","has-post-thumbnail","hentry","category-estado-de-mexico","tag-caravana-del-empleo","tag-estado-de-mexico","tag-nauclapan"],"_links":{"self":[{"href":"https:\/\/www.diarioimagen.net\/index.php?rest_route=\/wp\/v2\/posts\/629019","targetHints":{"allow":["GET"]}}],"collection":[{"href":"https:\/\/www.diarioimagen.net\/index.php?rest_route=\/wp\/v2\/posts"}],"about":[{"href":"https:\/\/www.diarioimagen.net\/index.php?rest_route=\/wp\/v2\/types\/post"}],"author":[{"embeddable":true,"href":"https:\/\/www.diarioimagen.net\/index.php?rest_route=\/wp\/v2\/users\/3"}],"replies":[{"embeddable":true,"href":"https:\/\/www.diarioimagen.net\/index.php?rest_route=%2Fwp%2Fv2%2Fcomments&post=629019"}],"version-history":[{"count":0,"href":"https:\/\/www.diarioimagen.net\/index.php?rest_route=\/wp\/v2\/posts\/629019\/revisions"}],"wp:featuredmedia":[{"embeddable":true,"href":"https:\/\/www.diarioimagen.net\/index.php?rest_route=\/wp\/v2\/media\/629142"}],"wp:attachment":[{"href":"https:\/\/www.diarioimagen.net\/index.php?rest_route=%2Fwp%2Fv2%2Fmedia&parent=629019"}],"wp:term":[{"taxonomy":"category","embeddable":true,"href":"https:\/\/www.diarioimagen.net\/index.php?rest_route=%2Fwp%2Fv2%2Fcategories&post=629019"},{"taxonomy":"post_tag","embeddable":true,"href":"https:\/\/www.diarioimagen.net\/index.php?rest_route=%2Fwp%2Fv2%2Ftags&post=629019"}],"curies":[{"name":"wp","href":"https:\/\/api.w.org\/{rel}","templated":true}]}}