{"id":629021,"date":"2024-08-08T00:06:35","date_gmt":"2024-08-08T06:06:35","guid":{"rendered":"https:\/\/www.diarioimagen.net\/?p=629021"},"modified":"2024-08-08T23:34:58","modified_gmt":"2024-08-09T05:34:58","slug":"comparten-expertos-vivencias-en-el-festival-danzatlan-2024","status":"publish","type":"post","link":"https:\/\/www.diarioimagen.net\/?p=629021","title":{"rendered":"Comparten expertos vivencias en el Festival \u201cDanzatl\u00e1n 2024\u201d"},"content":{"rendered":"<p>&nbsp;<\/p>\n<ul>\n<li><em><strong>Foro \u201cLa funci\u00f3n social de la danza: comunidad, identidad y ritualidad\u201d<\/strong><\/em><\/li>\n<\/ul>\n<p><strong>\u00a0<\/strong><\/p>\n<div id=\"attachment_629131\" style=\"width: 470px\" class=\"wp-caption aligncenter\"><a href=\"https:\/\/www.diarioimagen.net\/?attachment_id=629131\" rel=\"attachment wp-att-629131\"><img loading=\"lazy\" decoding=\"async\" aria-describedby=\"caption-attachment-629131\" class=\"size-full wp-image-629131\" src=\"https:\/\/www.diarioimagen.net\/wp-content\/uploads\/2024\/08\/comparten-expertos-vivencias.jpg\" alt=\"\" width=\"460\" height=\"270\" srcset=\"https:\/\/www.diarioimagen.net\/wp-content\/uploads\/2024\/08\/comparten-expertos-vivencias.jpg 460w, https:\/\/www.diarioimagen.net\/wp-content\/uploads\/2024\/08\/comparten-expertos-vivencias-240x141.jpg 240w\" sizes=\"auto, (max-width: 460px) 100vw, 460px\" \/><\/a><p id=\"caption-attachment-629131\" class=\"wp-caption-text\">Se transmiti\u00f3 el primero de los cuatro paneles del encuentro virtual de danza, en el que participaron destacados especialistas, en el marco de las actividades del Festival \u201cDanzatl\u00e1n 2024\u201d.<\/p><\/div>\n<p>&nbsp;<\/p>\n<p><strong>Toluca, Estado de M\u00e9xico.\u2014 <\/strong>Como parte de las actividades del Festival Internacional de la Danza \u201cDanzatl\u00e1n 2024\u201d, se transmiti\u00f3 el primero de los cuatro paneles del encuentro virtual de danza, en el que participaron destacados especialistas.<\/p>\n<p>A trav\u00e9s de las redes sociales de la Secretar\u00eda de Cultura y Turismo, @CulturaEdomex, Aleida Ruiz Sosa, Joel Lara Gonz\u00e1lez y Javier Santo, Eduardo Silva Fenyx, acompa\u00f1ados por Zulema S\u00e1nchez Lugo, Directora General de Patrimonio y Servicios Culturales del Valle de Toluca, participaron en el foro \u201cLa funci\u00f3n social de la danza: comunidad, identidad y ritualidad\u201d.<\/p>\n<p>Las y los panelistas coincidieron en que es muy importante seguir las iniciativas que buscan democratizar el arte.<\/p>\n<p>\u201cNo es suficiente con el hecho de promover la danza para que comunidades accedan a estas clases, sino que hay que actuar e ir por un camino concreto. Que sean adecuadas las condiciones para que las y los chicos puedan tomar clases de danza\u201d, enfatiz\u00f3 Aleida Ruiz, bailarina y activista mexicana.<\/p>\n<p>Eduardo Silva, originario de Oaxaca, promotor cultural en su estado y creador de festivales, destac\u00f3 que \u201cnos queda mucho trabajo; la danza en general como espect\u00e1culo o dentro de las comunidades, necesita mucho apoyo y respaldo institucional; se necesitan acciones para el arte, para lograr un cambio y hacer una mejor sociedad\u201d.<\/p>\n<p>Javier Santo, core\u00f3grafo, bailar\u00edn y sanador, extern\u00f3 que \u201cse necesita trabajar en comunidad para que se logren cosas para el pueblo; en la danza como ritual es muy importante entregar todo, el cuerpo, el alma y el esp\u00edritu\u201d. Mientras que Joel Lara, Doctor en Antropolog\u00eda, bailar\u00edn de danza folcl\u00f3rica, e investigador, agreg\u00f3 que \u201cla danza se piensa, se reflexiona, se siente, es muy cerebral; necesitamos hacer comunidad y definir objetivos espec\u00edficos de cada tipo de danza. Promover tem\u00e1ticas actuales y crear discursos danc\u00edsticos\u201d.<\/p>\n<p>Adem\u00e1s, los destacados bailarines Nicholas Palmquist, figura emblem\u00e1tica de Broadway y Marek Rozycki, del Ballet Estatal de Berl\u00edn, impartieron clases magistrales en las que las y los asistentes aprendieron a mejor su t\u00e9cnica de ballet, as\u00ed como su correcci\u00f3n de postura y movimientos.<\/p>\n","protected":false},"excerpt":{"rendered":"<p>Como parte de las actividades del Festival Internacional de la Danza \u201cDanzatl\u00e1n 2024\u201d, se transmiti\u00f3 el primero de los cuatro paneles del encuentro virtual de danza, en el que participaron destacados especialistas.<\/p>\n","protected":false},"author":3,"featured_media":629131,"comment_status":"open","ping_status":"open","sticky":false,"template":"","format":"standard","meta":{"_monsterinsights_skip_tracking":false,"_monsterinsights_sitenote_active":false,"_monsterinsights_sitenote_note":"","_monsterinsights_sitenote_category":0,"footnotes":""},"categories":[156,5,99730],"tags":[43675,100550,85606],"class_list":["post-629021","post","type-post","status-publish","format-standard","has-post-thumbnail","hentry","category-cultura","category-estado-de-mexico","category-edomex","tag-estado-de-mexico","tag-vivencias","tag-danzatlan"],"_links":{"self":[{"href":"https:\/\/www.diarioimagen.net\/index.php?rest_route=\/wp\/v2\/posts\/629021","targetHints":{"allow":["GET"]}}],"collection":[{"href":"https:\/\/www.diarioimagen.net\/index.php?rest_route=\/wp\/v2\/posts"}],"about":[{"href":"https:\/\/www.diarioimagen.net\/index.php?rest_route=\/wp\/v2\/types\/post"}],"author":[{"embeddable":true,"href":"https:\/\/www.diarioimagen.net\/index.php?rest_route=\/wp\/v2\/users\/3"}],"replies":[{"embeddable":true,"href":"https:\/\/www.diarioimagen.net\/index.php?rest_route=%2Fwp%2Fv2%2Fcomments&post=629021"}],"version-history":[{"count":0,"href":"https:\/\/www.diarioimagen.net\/index.php?rest_route=\/wp\/v2\/posts\/629021\/revisions"}],"wp:featuredmedia":[{"embeddable":true,"href":"https:\/\/www.diarioimagen.net\/index.php?rest_route=\/wp\/v2\/media\/629131"}],"wp:attachment":[{"href":"https:\/\/www.diarioimagen.net\/index.php?rest_route=%2Fwp%2Fv2%2Fmedia&parent=629021"}],"wp:term":[{"taxonomy":"category","embeddable":true,"href":"https:\/\/www.diarioimagen.net\/index.php?rest_route=%2Fwp%2Fv2%2Fcategories&post=629021"},{"taxonomy":"post_tag","embeddable":true,"href":"https:\/\/www.diarioimagen.net\/index.php?rest_route=%2Fwp%2Fv2%2Ftags&post=629021"}],"curies":[{"name":"wp","href":"https:\/\/api.w.org\/{rel}","templated":true}]}}