{"id":629168,"date":"2024-08-09T00:06:22","date_gmt":"2024-08-09T06:06:22","guid":{"rendered":"https:\/\/www.diarioimagen.net\/?p=629168"},"modified":"2024-08-09T02:16:58","modified_gmt":"2024-08-09T08:16:58","slug":"despliegan-maquinaria-especializada-para-atender-a-600-familias-afectadas-por-lluvias","status":"publish","type":"post","link":"https:\/\/www.diarioimagen.net\/?p=629168","title":{"rendered":"Despliegan maquinaria especializada para atender a\u00a0600\u00a0familias afectadas por lluvias"},"content":{"rendered":"<p>&nbsp;<\/p>\n<h2 style=\"text-align: center;\">Acciones de los gobiernos federal y de Edomex en Chalco<\/h2>\n<p>&nbsp;<\/p>\n<ul>\n<li><strong><em>Elementos de la Sedena y Guardia Nacional apoyan a vecinos de la colonia Culturas<\/em><\/strong><\/li>\n<\/ul>\n<p><strong>\u00a0<\/strong><\/p>\n<div id=\"attachment_629290\" style=\"width: 470px\" class=\"wp-caption aligncenter\"><a href=\"https:\/\/www.diarioimagen.net\/?attachment_id=629290\" rel=\"attachment wp-att-629290\"><img loading=\"lazy\" decoding=\"async\" aria-describedby=\"caption-attachment-629290\" class=\"size-full wp-image-629290\" src=\"https:\/\/www.diarioimagen.net\/wp-content\/uploads\/2024\/08\/despliegan-maquinaria.jpg\" alt=\"\" width=\"460\" height=\"270\" srcset=\"https:\/\/www.diarioimagen.net\/wp-content\/uploads\/2024\/08\/despliegan-maquinaria.jpg 460w, https:\/\/www.diarioimagen.net\/wp-content\/uploads\/2024\/08\/despliegan-maquinaria-240x141.jpg 240w\" sizes=\"auto, (max-width: 460px) 100vw, 460px\" \/><\/a><p id=\"caption-attachment-629290\" class=\"wp-caption-text\">El gobierno del Edomex, en conjunto con autoridades federales y municipales, realiz\u00f3 un despliegue de maquinaria especializada y brigadas en apoyo a 600 familias de la colonia Culturas de Chalco, que fueron aftcadas por las recientes lluvias.<\/p><\/div>\n<p>&nbsp;<\/p>\n<p><strong>Chalco, Estado de M\u00e9xico.\u2014 <\/strong>Tras las afectaciones por las intensas lluvias registradas en el municipio de Chalco, el Gobierno del Estado de M\u00e9xico, encabezado por la gobernadora Delfina G\u00f3mez \u00c1lvarez, en conjunto con autoridades federales y municipales, realiz\u00f3 un despliegue de maquinaria especializada y brigadas de la Coordinaci\u00f3n General de Protecci\u00f3n Civil y Gesti\u00f3n Integral del Riesgo y de la Comisi\u00f3n del Agua (CAEM) en apoyo a 600 familias de la colonia Culturas de esta localidad.<\/p>\n<p>Por instrucciones de la mandataria estatal, los vecinos de esta demarcaci\u00f3n ya reciben la ayuda requerida y personal de la CAEM a trav\u00e9s del Grupo Tlaloc realiza el retiro de basura y lodos por azolve con equipo especializado tipo Vactor, Thompson, H\u00e9rcules y Goliat.<\/p>\n<p>En el sitio contin\u00faa la presencia de elementos de la Secretar\u00eda de la Defensa Nacional (Sedena) y de la Guardia Nacional para resguardar las viviendas, as\u00ed como de la Coordinaci\u00f3n General de Protecci\u00f3n Civil y Gesti\u00f3n Integral del Riesgo estatal, Protecci\u00f3n Civil municipal, el Organismo del agua municipal (ODAPAS) y elementos de la Secretar\u00eda de Seguridad Estatal (SSEM).<\/p>\n<p>Se pone a disposici\u00f3n de la ciudadan\u00eda los tel\u00e9fonos del Centro de Operaciones de Monitoreo y Concentraci\u00f3n de Informaci\u00f3n (COMICI), 800-201-2489 en el Valle de M\u00e9xico y 800-201-2490 en el Valle de Toluca; as\u00ed como el n\u00famero de emergencias nacional 911.<\/p>\n","protected":false},"excerpt":{"rendered":"<p>Tras las afectaciones por las intensas lluvias registradas en el municipio de Chalco, el Gobierno del Estado de M\u00e9xico, encabezado por la gobernadora Delfina G\u00f3mez \u00c1lvarez, en conjunto con autoridades federales y municipales, realiz\u00f3 un despliegue de maquinaria especializada y brigadas de la Coordinaci\u00f3n General de Protecci\u00f3n Civil y Gesti\u00f3n Integral del Riesgo y de la Comisi\u00f3n del Agua (CAEM) en apoyo a 600 familias de la colonia Culturas de esta localidad.<\/p>\n","protected":false},"author":3,"featured_media":629290,"comment_status":"open","ping_status":"open","sticky":false,"template":"","format":"standard","meta":{"_monsterinsights_skip_tracking":false,"_monsterinsights_sitenote_active":false,"_monsterinsights_sitenote_note":"","_monsterinsights_sitenote_category":0,"footnotes":""},"categories":[5,99730],"tags":[100563,43675,1849],"class_list":["post-629168","post","type-post","status-publish","format-standard","has-post-thumbnail","hentry","category-estado-de-mexico","category-edomex","tag-afectciones","tag-estado-de-mexico","tag-lluvias"],"_links":{"self":[{"href":"https:\/\/www.diarioimagen.net\/index.php?rest_route=\/wp\/v2\/posts\/629168","targetHints":{"allow":["GET"]}}],"collection":[{"href":"https:\/\/www.diarioimagen.net\/index.php?rest_route=\/wp\/v2\/posts"}],"about":[{"href":"https:\/\/www.diarioimagen.net\/index.php?rest_route=\/wp\/v2\/types\/post"}],"author":[{"embeddable":true,"href":"https:\/\/www.diarioimagen.net\/index.php?rest_route=\/wp\/v2\/users\/3"}],"replies":[{"embeddable":true,"href":"https:\/\/www.diarioimagen.net\/index.php?rest_route=%2Fwp%2Fv2%2Fcomments&post=629168"}],"version-history":[{"count":0,"href":"https:\/\/www.diarioimagen.net\/index.php?rest_route=\/wp\/v2\/posts\/629168\/revisions"}],"wp:featuredmedia":[{"embeddable":true,"href":"https:\/\/www.diarioimagen.net\/index.php?rest_route=\/wp\/v2\/media\/629290"}],"wp:attachment":[{"href":"https:\/\/www.diarioimagen.net\/index.php?rest_route=%2Fwp%2Fv2%2Fmedia&parent=629168"}],"wp:term":[{"taxonomy":"category","embeddable":true,"href":"https:\/\/www.diarioimagen.net\/index.php?rest_route=%2Fwp%2Fv2%2Fcategories&post=629168"},{"taxonomy":"post_tag","embeddable":true,"href":"https:\/\/www.diarioimagen.net\/index.php?rest_route=%2Fwp%2Fv2%2Ftags&post=629168"}],"curies":[{"name":"wp","href":"https:\/\/api.w.org\/{rel}","templated":true}]}}