{"id":629172,"date":"2024-08-09T00:01:14","date_gmt":"2024-08-09T06:01:14","guid":{"rendered":"https:\/\/www.diarioimagen.net\/?p=629172"},"modified":"2024-08-09T02:14:38","modified_gmt":"2024-08-09T08:14:38","slug":"el-de-la-gobernadora-delfina-gomez-un-gobierno-que-cumple-edgar-israel-cruz-torres","status":"publish","type":"post","link":"https:\/\/www.diarioimagen.net\/?p=629172","title":{"rendered":"El de la gobernadora Delfina G\u00f3mez, un\u00a0gobierno que cumple: Edgar\u00a0Israel\u00a0Cruz\u00a0Torres"},"content":{"rendered":"<p>&nbsp;<\/p>\n<ul>\n<li><em><strong>Noveno regidor naucalpense<\/strong><\/em><\/li>\n<\/ul>\n<p><strong>\u00a0<\/strong><\/p>\n<h6>Arturo Baena<\/h6>\n<p>&nbsp;<\/p>\n<div id=\"attachment_629278\" style=\"width: 235px\" class=\"wp-caption alignright\"><a href=\"https:\/\/www.diarioimagen.net\/?attachment_id=629278\" rel=\"attachment wp-att-629278\"><img loading=\"lazy\" decoding=\"async\" aria-describedby=\"caption-attachment-629278\" class=\"wp-image-629278\" src=\"https:\/\/www.diarioimagen.net\/wp-content\/uploads\/2024\/08\/el-de-la-gobernadora.jpg\" alt=\"\" width=\"225\" height=\"348\" srcset=\"https:\/\/www.diarioimagen.net\/wp-content\/uploads\/2024\/08\/el-de-la-gobernadora.jpg 460w, https:\/\/www.diarioimagen.net\/wp-content\/uploads\/2024\/08\/el-de-la-gobernadora-155x240.jpg 155w, https:\/\/www.diarioimagen.net\/wp-content\/uploads\/2024\/08\/el-de-la-gobernadora-175x270.jpg 175w\" sizes=\"auto, (max-width: 225px) 100vw, 225px\" \/><\/a><p id=\"caption-attachment-629278\" class=\"wp-caption-text\">Edgar Israel Cruz Torres, noveno regidor de Naucalpan, destac\u00f3 la gesti\u00f3n de la gobernadora Delfina G\u00f3mez.<\/p><\/div>\n<p><strong>Valle de M\u00e9xico.\u2014<\/strong> \u201cPropios y extra\u00f1os reconocen las acciones del gobierno que encabeza la gobernadora del Estado de M\u00e9xico, Delfina G\u00f3mez, quien ha puesto en marcha obras que fueron olvidadas por gobiernos emanados del Revolucionario Institucional\u201d.<\/p>\n<p>Afirm\u00f3 lo anterior el noveno regidor naucalpense, Edgar Israel Cruz Torres, luego de asegurar que el Troleb\u00fas Chalco-Santa Martha ser\u00e1 un sistema de transporte que busque conectar los municipios de Valle de Chalco, Chalco y La Paz, con la alcald\u00eda Iztapalapa, en la Ciudad de M\u00e9xico.<\/p>\n<p>Israel Cruz record\u00f3 que dicha\u00a0 obra beneficiara a 3 millones de usuarios, disminuyendo el tiempo de viaje de 2 horas a 35 minutos en una ruta directa, y a 50 minutos con paradas intermedias.<\/p>\n<p>Adem\u00e1s, el sistema utilizar\u00e1 102 unidades articuladas, cada una con capacidad para 142 pasajeros, los cuales tendr\u00e1n cero emisiones contaminantes, y una baja generaci\u00f3n de ruido, lo que tambi\u00e9n contribuir\u00e1 al cuidado del medio ambiente.<\/p>\n<p>Finalmente, el representante popular dijo que \u201clo m\u00e1s importante: este troleb\u00fas conectar\u00e1 los municipios de Valle de Chalco, Chalco y La Paz, adem\u00e1s de la alcald\u00eda de Iztapalapa en la Ciudad de M\u00e9xico, brindando un sistema de transporte masivo, seguro y eficiente para todos los usuarios\u201d.<\/p>\n","protected":false},"excerpt":{"rendered":"<p>\u201cPropios y extra\u00f1os reconocen las acciones del gobierno que encabeza la gobernadora del Estado de M\u00e9xico, Delfina G\u00f3mez, quien ha puesto en marcha obras que fueron olvidadas por gobiernos emanados del Revolucionario Institucional\u201d.<\/p>\n","protected":false},"author":3,"featured_media":629280,"comment_status":"open","ping_status":"open","sticky":false,"template":"","format":"standard","meta":{"_monsterinsights_skip_tracking":false,"_monsterinsights_sitenote_active":false,"_monsterinsights_sitenote_note":"","_monsterinsights_sitenote_category":0,"footnotes":""},"categories":[5],"tags":[100564,34],"class_list":["post-629172","post","type-post","status-publish","format-standard","has-post-thumbnail","hentry","category-estado-de-mexico","tag-edgar-israel-cruz-torres","tag-valle-de-mexico"],"_links":{"self":[{"href":"https:\/\/www.diarioimagen.net\/index.php?rest_route=\/wp\/v2\/posts\/629172","targetHints":{"allow":["GET"]}}],"collection":[{"href":"https:\/\/www.diarioimagen.net\/index.php?rest_route=\/wp\/v2\/posts"}],"about":[{"href":"https:\/\/www.diarioimagen.net\/index.php?rest_route=\/wp\/v2\/types\/post"}],"author":[{"embeddable":true,"href":"https:\/\/www.diarioimagen.net\/index.php?rest_route=\/wp\/v2\/users\/3"}],"replies":[{"embeddable":true,"href":"https:\/\/www.diarioimagen.net\/index.php?rest_route=%2Fwp%2Fv2%2Fcomments&post=629172"}],"version-history":[{"count":0,"href":"https:\/\/www.diarioimagen.net\/index.php?rest_route=\/wp\/v2\/posts\/629172\/revisions"}],"wp:featuredmedia":[{"embeddable":true,"href":"https:\/\/www.diarioimagen.net\/index.php?rest_route=\/wp\/v2\/media\/629280"}],"wp:attachment":[{"href":"https:\/\/www.diarioimagen.net\/index.php?rest_route=%2Fwp%2Fv2%2Fmedia&parent=629172"}],"wp:term":[{"taxonomy":"category","embeddable":true,"href":"https:\/\/www.diarioimagen.net\/index.php?rest_route=%2Fwp%2Fv2%2Fcategories&post=629172"},{"taxonomy":"post_tag","embeddable":true,"href":"https:\/\/www.diarioimagen.net\/index.php?rest_route=%2Fwp%2Fv2%2Ftags&post=629172"}],"curies":[{"name":"wp","href":"https:\/\/api.w.org\/{rel}","templated":true}]}}