{"id":629174,"date":"2024-08-09T00:04:52","date_gmt":"2024-08-09T06:04:52","guid":{"rendered":"https:\/\/www.diarioimagen.net\/?p=629174"},"modified":"2024-08-09T02:09:38","modified_gmt":"2024-08-09T08:09:38","slug":"reconocen-empresarios-trabajo-del-edil-de-atizapan-de-zaragoza","status":"publish","type":"post","link":"https:\/\/www.diarioimagen.net\/?p=629174","title":{"rendered":"Reconocen empresarios trabajo del edil de Atizap\u00e1n de Zaragoza"},"content":{"rendered":"<p>&nbsp;<\/p>\n<ul>\n<li><em><strong>Reuni\u00f3n con asociaci\u00f3n de industriales<\/strong><\/em><\/li>\n<\/ul>\n<p>&nbsp;<\/p>\n<div id=\"attachment_629286\" style=\"width: 470px\" class=\"wp-caption aligncenter\"><a href=\"https:\/\/www.diarioimagen.net\/?attachment_id=629286\" rel=\"attachment wp-att-629286\"><img loading=\"lazy\" decoding=\"async\" aria-describedby=\"caption-attachment-629286\" class=\"size-full wp-image-629286\" src=\"https:\/\/www.diarioimagen.net\/wp-content\/uploads\/2024\/08\/reconocen-empresarios.jpg\" alt=\"\" width=\"460\" height=\"270\" srcset=\"https:\/\/www.diarioimagen.net\/wp-content\/uploads\/2024\/08\/reconocen-empresarios.jpg 460w, https:\/\/www.diarioimagen.net\/wp-content\/uploads\/2024\/08\/reconocen-empresarios-240x141.jpg 240w\" sizes=\"auto, (max-width: 460px) 100vw, 460px\" \/><\/a><p id=\"caption-attachment-629286\" class=\"wp-caption-text\">El alcalde Pedro Rodr\u00edguez Villegas continuar\u00e1 un trabajo conjunto con la Asociaci\u00f3n de Industriales de Atizap\u00e1n de Zaragoza A.C. para impulsar el desarrollo del municipio.<\/p><\/div>\n<p>&nbsp;<\/p>\n<p><strong>Atizap\u00e1n de Zaragoza, Estado de M\u00e9xico.\u2014<\/strong> Durante una reuni\u00f3n con empresarios de la Asociaci\u00f3n de Industriales de Atizap\u00e1n de Zaragoza A.C., el presidente municipal Pedro Rodr\u00edguez Villegas se manifest\u00f3 por continuar un trabajo conjunto con este sector para impulsar el desarrollo de la localidad y tambi\u00e9n el empleo para las y los atizapenses.<\/p>\n<p>Los empresarios reconocieron el trabajo realizado durante los dos a\u00f1os y medio de su administraci\u00f3n. Ah\u00ed, los asistentes tambi\u00e9n lo felicitaron por su reelecci\u00f3n como alcalde de Atizap\u00e1n de Zaragoza.<\/p>\n<p>\u201cLa mejor manera de hacer campa\u00f1a es con acciones, con un buen trabajo. Ganar la confianza de la ciudadan\u00eda con acciones, con hechos, no con palabras. Esa ha sido la din\u00e1mica y la suma de esfuerzos del equipo que me acompa\u00f1a\u201d, destac\u00f3 Rodr\u00edguez Villegas.<\/p>\n<p>Agreg\u00f3 que el presupuesto que se aplic\u00f3 en Atizap\u00e1n alcanz\u00f3 para invertir m\u00e1s de 2 mil millones en obra p\u00fablica, adem\u00e1s de entregar computadoras a instituciones escolares p\u00fablicas, pagar becas, renovar calles y avenidas, crear infraestructura deportiva y reforzar la seguridad con la compra de 236 patrullas y dignificar la labor policial con aumentos de grados y entrega de uniformes, entre otras acciones.<\/p>\n<p>\u201cHoy tenemos un gran compromiso con todas y todos ustedes por ese voto de confianza que nos dieron y me compromete a dar lo mejor de m\u00ed y hacer que mi equipo tambi\u00e9n d\u00e9 lo mejor para seguir trascendiendo con hechos y con obras. Hemos hecho la inversi\u00f3n necesaria para cambiar la imagen de nuestro municipio. Quiero que nos sintamos orgullosos de vivir en Atizap\u00e1n\u201d, destac\u00f3 el presidente Municipal.<\/p>\n<p>Adelant\u00f3 que ya se trabaja en el presupuesto del siguiente a\u00f1o para distribuirlo en lo que m\u00e1s demanda la ciudadan\u00eda como la falta de agua derivada de la dependencia en un 80 por ciento del Sistema Cutzamala y la sequ\u00eda que se ha presentado en el Valle de M\u00e9xico.<\/p>\n","protected":false},"excerpt":{"rendered":"<p>Durante una reuni\u00f3n con empresarios de la Asociaci\u00f3n de Industriales de Atizap\u00e1n de Zaragoza A.C., el presidente municipal Pedro Rodr\u00edguez Villegas se manifest\u00f3 por continuar un trabajo conjunto con este sector para impulsar el desarrollo de la localidad y tambi\u00e9n el empleo para las y los atizapenses.<\/p>\n","protected":false},"author":3,"featured_media":629286,"comment_status":"open","ping_status":"open","sticky":false,"template":"","format":"standard","meta":{"_monsterinsights_skip_tracking":false,"_monsterinsights_sitenote_active":false,"_monsterinsights_sitenote_note":"","_monsterinsights_sitenote_category":0,"footnotes":""},"categories":[5],"tags":[3561,11703,43675,8961],"class_list":["post-629174","post","type-post","status-publish","format-standard","has-post-thumbnail","hentry","category-estado-de-mexico","tag-atizapan-de-zaragoza","tag-edil","tag-estado-de-mexico","tag-trabajo"],"_links":{"self":[{"href":"https:\/\/www.diarioimagen.net\/index.php?rest_route=\/wp\/v2\/posts\/629174","targetHints":{"allow":["GET"]}}],"collection":[{"href":"https:\/\/www.diarioimagen.net\/index.php?rest_route=\/wp\/v2\/posts"}],"about":[{"href":"https:\/\/www.diarioimagen.net\/index.php?rest_route=\/wp\/v2\/types\/post"}],"author":[{"embeddable":true,"href":"https:\/\/www.diarioimagen.net\/index.php?rest_route=\/wp\/v2\/users\/3"}],"replies":[{"embeddable":true,"href":"https:\/\/www.diarioimagen.net\/index.php?rest_route=%2Fwp%2Fv2%2Fcomments&post=629174"}],"version-history":[{"count":0,"href":"https:\/\/www.diarioimagen.net\/index.php?rest_route=\/wp\/v2\/posts\/629174\/revisions"}],"wp:featuredmedia":[{"embeddable":true,"href":"https:\/\/www.diarioimagen.net\/index.php?rest_route=\/wp\/v2\/media\/629286"}],"wp:attachment":[{"href":"https:\/\/www.diarioimagen.net\/index.php?rest_route=%2Fwp%2Fv2%2Fmedia&parent=629174"}],"wp:term":[{"taxonomy":"category","embeddable":true,"href":"https:\/\/www.diarioimagen.net\/index.php?rest_route=%2Fwp%2Fv2%2Fcategories&post=629174"},{"taxonomy":"post_tag","embeddable":true,"href":"https:\/\/www.diarioimagen.net\/index.php?rest_route=%2Fwp%2Fv2%2Ftags&post=629174"}],"curies":[{"name":"wp","href":"https:\/\/api.w.org\/{rel}","templated":true}]}}