{"id":629176,"date":"2024-08-09T00:03:21","date_gmt":"2024-08-09T06:03:21","guid":{"rendered":"https:\/\/www.diarioimagen.net\/?p=629176"},"modified":"2024-08-09T02:09:02","modified_gmt":"2024-08-09T08:09:02","slug":"crece-infraestructura-al-servicio-de-los-maestros-en-el-valle-de-mexico","status":"publish","type":"post","link":"https:\/\/www.diarioimagen.net\/?p=629176","title":{"rendered":"Crece infraestructura al servicio de los maestros en el Valle de M\u00e9xico"},"content":{"rendered":"<p>&nbsp;<\/p>\n<ul>\n<li><em><strong>Beneficios a integrantes del SMSEM<\/strong><\/em><\/li>\n<\/ul>\n<p>&nbsp;<\/p>\n<div id=\"attachment_629284\" style=\"width: 470px\" class=\"wp-caption aligncenter\"><a href=\"https:\/\/www.diarioimagen.net\/?attachment_id=629284\" rel=\"attachment wp-att-629284\"><img loading=\"lazy\" decoding=\"async\" aria-describedby=\"caption-attachment-629284\" class=\"size-full wp-image-629284\" src=\"https:\/\/www.diarioimagen.net\/wp-content\/uploads\/2024\/08\/crece-infraestructura.jpg\" alt=\"\" width=\"460\" height=\"270\" srcset=\"https:\/\/www.diarioimagen.net\/wp-content\/uploads\/2024\/08\/crece-infraestructura.jpg 460w, https:\/\/www.diarioimagen.net\/wp-content\/uploads\/2024\/08\/crece-infraestructura-240x141.jpg 240w\" sizes=\"auto, (max-width: 460px) 100vw, 460px\" \/><\/a><p id=\"caption-attachment-629284\" class=\"wp-caption-text\">El Comit\u00e9 Ejecutivo Estatal del Sindicato de Maestros al Servicio del Estado de M\u00e9xico (SMSEM), que dirige Marco Aurelio Carbajal Leyva, ha incrementado la infraestructura al servicio de los docentes mexiquenses.<\/p><\/div>\n<p>&nbsp;<\/p>\n<p><strong>Toluca, Estado de M\u00e9xico.\u2014<\/strong> El actual Comit\u00e9 Ejecutivo Estatal del Sindicato de Maestros al Servicio del Estado de M\u00e9xico (SMSEM), que dirige Marco Aurelio Carbajal Leyva, ha incrementado la infraestructura al servicio de los docentes en las regiones del Valle de M\u00e9xico.<\/p>\n<p>Muestra de ello es la Unidad Deportiva ubicada en el municipio de La Paz, de la regi\u00f3n sindical n\u00famero siete y cuyo inmueble cuenta con alberca semiol\u00edmpica, canchas de front\u00f3n, squash, voleibol, f\u00fatbol, \u00e1reas recreativas, trotapista, gimnasio de usos m\u00faltiples y m\u00e1s equipamiento para que los maestros y sus familias.<\/p>\n<p>Adem\u00e1s de la Unidad Deportiva de La Paz, la dirigencia que encabeza Carbajal Leyva ha realizado importantes inversiones en otras regiones, como la modernizaci\u00f3n y rehabilitaci\u00f3n de los centros recreativos con que cuenta la organizaci\u00f3n.<\/p>\n<p>Actualmente se desarrollan dos de las principales obras en beneficio del magisterio: la construcci\u00f3n de las nuevas oficinas centrales, en Toluca y las oficinas regionales de la nueva regi\u00f3n sindical n\u00famero 14, las cuales estar\u00e1n ubicadas en Texcoco; para mejorar las condiciones laborales y de bienestar de los docentes.<\/p>\n<p>El l\u00edder del magisterio estatal, Marco Aurelio Carbajal Leyva, ha enfatizado que estas obras forman parte de una estrategia integral para fortalecer la unidad del magisterio y mejorar la calidad de vida de los maestros y sus familias.<\/p>\n","protected":false},"excerpt":{"rendered":"<p>El actual Comit\u00e9 Ejecutivo Estatal del Sindicato de Maestros al Servicio del Estado de M\u00e9xico (SMSEM), que dirige Marco Aurelio Carbajal Leyva, ha incrementado la infraestructura al servicio de los docentes en las regiones del Valle de M\u00e9xico.<\/p>\n","protected":false},"author":3,"featured_media":629284,"comment_status":"open","ping_status":"open","sticky":false,"template":"","format":"standard","meta":{"_monsterinsights_skip_tracking":false,"_monsterinsights_sitenote_active":false,"_monsterinsights_sitenote_note":"","_monsterinsights_sitenote_category":0,"footnotes":""},"categories":[5],"tags":[64089,18394],"class_list":["post-629176","post","type-post","status-publish","format-standard","has-post-thumbnail","hentry","category-estado-de-mexico","tag-crece","tag-infraestructura"],"_links":{"self":[{"href":"https:\/\/www.diarioimagen.net\/index.php?rest_route=\/wp\/v2\/posts\/629176","targetHints":{"allow":["GET"]}}],"collection":[{"href":"https:\/\/www.diarioimagen.net\/index.php?rest_route=\/wp\/v2\/posts"}],"about":[{"href":"https:\/\/www.diarioimagen.net\/index.php?rest_route=\/wp\/v2\/types\/post"}],"author":[{"embeddable":true,"href":"https:\/\/www.diarioimagen.net\/index.php?rest_route=\/wp\/v2\/users\/3"}],"replies":[{"embeddable":true,"href":"https:\/\/www.diarioimagen.net\/index.php?rest_route=%2Fwp%2Fv2%2Fcomments&post=629176"}],"version-history":[{"count":0,"href":"https:\/\/www.diarioimagen.net\/index.php?rest_route=\/wp\/v2\/posts\/629176\/revisions"}],"wp:featuredmedia":[{"embeddable":true,"href":"https:\/\/www.diarioimagen.net\/index.php?rest_route=\/wp\/v2\/media\/629284"}],"wp:attachment":[{"href":"https:\/\/www.diarioimagen.net\/index.php?rest_route=%2Fwp%2Fv2%2Fmedia&parent=629176"}],"wp:term":[{"taxonomy":"category","embeddable":true,"href":"https:\/\/www.diarioimagen.net\/index.php?rest_route=%2Fwp%2Fv2%2Fcategories&post=629176"},{"taxonomy":"post_tag","embeddable":true,"href":"https:\/\/www.diarioimagen.net\/index.php?rest_route=%2Fwp%2Fv2%2Ftags&post=629176"}],"curies":[{"name":"wp","href":"https:\/\/api.w.org\/{rel}","templated":true}]}}